{"id":32753,"date":"2019-09-19T01:21:56","date_gmt":"2019-09-18T23:21:56","guid":{"rendered":"http:\/\/netzwerke-21.de\/?p=32753"},"modified":"2019-09-19T01:21:56","modified_gmt":"2019-09-18T23:21:56","slug":"kontext-bahnkrott","status":"publish","type":"post","link":"https:\/\/netzwerke-21.de\/?p=32753","title":{"rendered":"Kontext: Bahnkrott"},"content":{"rendered":"<p><strong>Kontext:<\/strong> <a title=\"\" href=\"https:\/\/www.kontextwochenzeitung.de\/politik\/442\/bahnkrott-6189.html\" target=\"_blank\" rel=\"noopener\">Bahnkrott<\/a>: &#8222;<em>Der Bundesrechnungshof hat als regelm\u00e4\u00dfiger Mahner schon viel Abtr\u00e4gliches zum Zustand der Deutschen Bahn zusammengetragen. Jetzt beschreibt ein Sonderbericht die Entwicklung des Konzerns als besorgniserregend. Schuld daran ist auch Stuttgart 21.&#8220;<\/em><\/p>\n","protected":false},"excerpt":{"rendered":"<p>Kontext: Bahnkrott: &#8222;Der Bundesrechnungshof hat als regelm\u00e4\u00dfiger Mahner schon viel Abtr\u00e4gliches zum Zustand der Deutschen Bahn zusammengetragen. Jetzt beschreibt ein Sonderbericht die Entwicklung des Konzerns als besorgniserregend. Schuld daran ist auch Stuttgart 21.&#8220;<\/p>\n","protected":false},"author":6,"featured_media":0,"comment_status":"closed","ping_status":"closed","sticky":false,"template":"","format":"standard","meta":{"footnotes":""},"categories":[1,40,59,39],"tags":[],"class_list":["post-32753","post","type-post","status-publish","format-standard","hentry","category-allgemein","category-bund","category-kosten","category-land-bw"],"_links":{"self":[{"href":"https:\/\/netzwerke-21.de\/index.php?rest_route=\/wp\/v2\/posts\/32753","targetHints":{"allow":["GET"]}}],"collection":[{"href":"https:\/\/netzwerke-21.de\/index.php?rest_route=\/wp\/v2\/posts"}],"about":[{"href":"https:\/\/netzwerke-21.de\/index.php?rest_route=\/wp\/v2\/types\/post"}],"author":[{"embeddable":true,"href":"https:\/\/netzwerke-21.de\/index.php?rest_route=\/wp\/v2\/users\/6"}],"replies":[{"embeddable":true,"href":"https:\/\/netzwerke-21.de\/index.php?rest_route=%2Fwp%2Fv2%2Fcomments&post=32753"}],"version-history":[{"count":1,"href":"https:\/\/netzwerke-21.de\/index.php?rest_route=\/wp\/v2\/posts\/32753\/revisions"}],"predecessor-version":[{"id":32754,"href":"https:\/\/netzwerke-21.de\/index.php?rest_route=\/wp\/v2\/posts\/32753\/revisions\/32754"}],"wp:attachment":[{"href":"https:\/\/netzwerke-21.de\/index.php?rest_route=%2Fwp%2Fv2%2Fmedia&parent=32753"}],"wp:term":[{"taxonomy":"category","embeddable":true,"href":"https:\/\/netzwerke-21.de\/index.php?rest_route=%2Fwp%2Fv2%2Fcategories&post=32753"},{"taxonomy":"post_tag","embeddable":true,"href":"https:\/\/netzwerke-21.de\/index.php?rest_route=%2Fwp%2Fv2%2Ftags&post=32753"}],"curies":[{"name":"wp","href":"https:\/\/api.w.org\/{rel}","templated":true}]}}