{"id":32734,"date":"2019-09-14T15:16:31","date_gmt":"2019-09-14T13:16:31","guid":{"rendered":"http:\/\/netzwerke-21.de\/?p=32734"},"modified":"2019-09-14T15:16:49","modified_gmt":"2019-09-14T13:16:49","slug":"ntz-mit-leib-und-seele-eisenbahner","status":"publish","type":"post","link":"https:\/\/netzwerke-21.de\/?p=32734","title":{"rendered":"NtZ: Mit Leib und Seele Eisenbahner"},"content":{"rendered":"<p><strong>NtZ:<\/strong> <a title=\"\" href=\"https:\/\/www.ntz.de\/nachrichten\/region\/artikel\/mit-leib-und-seele-eisenbahner\/\" target=\"_blank\" rel=\"noopener\">Mit Leib und Seele Eisenbahner<\/a>: &#8222;<em>Vor wenigen Tagen wurde Eckart Fricke als Konzernbevollm\u00e4chtigter S\u00fcdost der Deutschen Bahn in Leipzig verabschiedet. Dem 63-J\u00e4hrigen wurde von Infrastruktur-Vorstand Pofalla die Verantwortung f\u00fcr die gesamtheitliche Inbetriebnahme der Neubaustrecke Wendlingen\u2013Ulm und f\u00fcr das Bahnprojekt Stuttgart 21 \u00fcbertragen.&#8220;<\/em><\/p>\n","protected":false},"excerpt":{"rendered":"<p>NtZ: Mit Leib und Seele Eisenbahner: &#8222;Vor wenigen Tagen wurde Eckart Fricke als Konzernbevollm\u00e4chtigter S\u00fcdost der Deutschen Bahn in Leipzig verabschiedet. Dem 63-J\u00e4hrigen wurde von Infrastruktur-Vorstand Pofalla die Verantwortung f\u00fcr die gesamtheitliche Inbetriebnahme der Neubaustrecke Wendlingen\u2013Ulm und f\u00fcr das Bahnprojekt &hellip; <a href=\"https:\/\/netzwerke-21.de\/?p=32734\">Weiterlesen <span class=\"meta-nav\">&rarr;<\/span><\/a><\/p>\n","protected":false},"author":6,"featured_media":0,"comment_status":"closed","ping_status":"closed","sticky":false,"template":"","format":"standard","meta":{"footnotes":""},"categories":[1,54],"tags":[],"class_list":["post-32734","post","type-post","status-publish","format-standard","hentry","category-allgemein","category-neubaustrecke-stgt-ulm"],"_links":{"self":[{"href":"https:\/\/netzwerke-21.de\/index.php?rest_route=\/wp\/v2\/posts\/32734","targetHints":{"allow":["GET"]}}],"collection":[{"href":"https:\/\/netzwerke-21.de\/index.php?rest_route=\/wp\/v2\/posts"}],"about":[{"href":"https:\/\/netzwerke-21.de\/index.php?rest_route=\/wp\/v2\/types\/post"}],"author":[{"embeddable":true,"href":"https:\/\/netzwerke-21.de\/index.php?rest_route=\/wp\/v2\/users\/6"}],"replies":[{"embeddable":true,"href":"https:\/\/netzwerke-21.de\/index.php?rest_route=%2Fwp%2Fv2%2Fcomments&post=32734"}],"version-history":[{"count":2,"href":"https:\/\/netzwerke-21.de\/index.php?rest_route=\/wp\/v2\/posts\/32734\/revisions"}],"predecessor-version":[{"id":32736,"href":"https:\/\/netzwerke-21.de\/index.php?rest_route=\/wp\/v2\/posts\/32734\/revisions\/32736"}],"wp:attachment":[{"href":"https:\/\/netzwerke-21.de\/index.php?rest_route=%2Fwp%2Fv2%2Fmedia&parent=32734"}],"wp:term":[{"taxonomy":"category","embeddable":true,"href":"https:\/\/netzwerke-21.de\/index.php?rest_route=%2Fwp%2Fv2%2Fcategories&post=32734"},{"taxonomy":"post_tag","embeddable":true,"href":"https:\/\/netzwerke-21.de\/index.php?rest_route=%2Fwp%2Fv2%2Ftags&post=32734"}],"curies":[{"name":"wp","href":"https:\/\/api.w.org\/{rel}","templated":true}]}}