{"id":32568,"date":"2019-08-12T21:06:04","date_gmt":"2019-08-12T19:06:04","guid":{"rendered":"http:\/\/netzwerke-21.de\/?p=32568"},"modified":"2019-08-15T23:03:05","modified_gmt":"2019-08-15T21:03:05","slug":"stzn-abschied-von-der-schalterhalle","status":"publish","type":"post","link":"https:\/\/netzwerke-21.de\/?p=32568","title":{"rendered":"Meldungen und Fotos zur Schlie\u00dfung des Bonatzbaus wegen Umbau"},"content":{"rendered":"<p><strong>StN:<\/strong> <a title=\"\" href=\"https:\/\/www.stuttgarter-nachrichten.de\/inhalt.stuttgarter-hauptbahnhof-abschied-von-der-schalterhalle.57ead7ed-0d7a-4382-bf16-925e11611821.html\" target=\"_blank\" rel=\"noopener\"><span class=\"article-headline\">Abschied von der Schalterhalle<\/span><\/a>: <em>&#8222;Stuttgarter reagieren mit Wehmut und Fatalismus auf das Ende der Bahnhofshalle im Bonatzbau und den Eingriff in die Fassade. Aber es gibt auch Stimmen, die den Umbau begr\u00fc\u00dfen.\u201c\u00a0<\/em><\/p>\n<p><strong>Schaeferweltweit.de:<\/strong><a title=\"\" href=\"https:\/\/schaeferweltweit.de\/impressionen-rund-um-den-hbf-die-haupthalle\/\" target=\"_blank\" rel=\"noopener\"> Impressionen rund um den HBF \u2013 die Haupthalle<\/a>: <em>&#8222;Nachdem mit der Schlie\u00dfung\u00a0 fast aller L\u00e4den in der Haupthalle des Stuttgarter Kopfbahnhofes zum 14.08.2019 jegliches Leben dieses Bahnhofsrestes erl\u00f6schen wird, ist es h\u00f6chste Zeit Abschied zu nehmen.&#8220; Foto: Schaeferweltweit.de:<\/em><\/p>\n<p><img loading=\"lazy\" decoding=\"async\" class=\"\" src=\"https:\/\/schaeferweltweit.de\/wp-content\/uploads\/2019\/08\/MK4_7920.jpg\" width=\"627\" height=\"418\" \/><\/p>\n<p><strong>Pressemitteilung PSU:<\/strong> <a title=\"\" href=\"http:\/\/www.bahnprojekt-stuttgart-ulm.de\/presse\/pressemitteilungen\/newsdetail\/news\/1505-auf-wiedersehen-im-neuen-bonatzbau\/newsParameter\/detail\/News\/datum\/20190812\/\" target=\"_blank\" rel=\"noopener\">Auf Wiedersehen im neuen Bonatzbau: Gesch\u00e4fte und Serviceeinrichtungen machen Platz f\u00fcr den Umbau\u00a0<\/a>mit <span class=\"child\">\u00dcbersichtsplan Stuttgart Hbf<\/span><\/p>\n<p><strong>Webseiten der Deutschen Bahn zum Umbau des Bonatzbaus: <\/strong><a title=\"\" href=\"https:\/\/bauprojekte.deutschebahn.com\/p\/stuttgart-hbf\" target=\"_blank\" rel=\"noopener\">https:\/\/bauprojekte.deutschebahn.com\/p\/stuttgart-hbf\u00a0 <\/a>und<a title=\"\" href=\"https:\/\/www.der-neue.de\/\" target=\"_blank\" rel=\"noopener\"> https:\/\/www.der-neue.de\/<\/a><\/p>\n<p><strong>StZPlus<\/strong>: <a title=\"\" href=\"https:\/\/www.stuttgarter-zeitung.de\/inhalt.gastronomie-im-bonatzbau-letzte-runde-im-bahnhof.da597b69-b6e2-404f-9b28-7799cb727090.html\" target=\"_blank\" rel=\"noopener\">Wird die Gastronomie wieder schick?<\/a>: &#8222;<em>In diesen Tagen ziehen L\u00e4den und Gastst\u00e4tten aus dem Bonatzbau aus. Die dortige Gastronomie hat zuletzt ein eher trostloses Bild abgegeben. Beim Gastst\u00e4ttenverband zeigt man sich zuversichtlich f\u00fcr die Zukunft \u2013 der Blick in die Vergangenheit zeigt, was m\u00f6glich ist.&#8220;<\/em><\/p>\n<p><strong>Kontext:<\/strong> <a title=\"\" href=\"https:\/\/www.kontextwochenzeitung.de\/schaubuehne\/437\/geisterbahnhof-6114.html\" target=\"_blank\" rel=\"noopener\">Willkommen im Geisterbahnhof<\/a>: &#8222;<em>Unklar ist zwar immer noch, wann, wie und ob Stuttgart 21 einmal fertig wird. Doch der Hauptbahnhof wird schon jetzt entkernt: F\u00fcr ein neues Hotel und eine Shopping Mall m\u00fcssen s\u00e4mtliche Gesch\u00e4fte aus dem Bonatzbau weichen. Jetzt ist jahrelanger Leerstand angesagt.&#8220;<\/em><\/p>\n<p><strong>SWR: <\/strong><a title=\"\" href=\"https:\/\/www.swr.de\/swraktuell\/baden-wuerttemberg\/stuttgart\/Geschaefte-im-Bonatzbau-muessen-weichen-Stuttgarter-Bahnhofshalle-wird-umgebaut,letzter-tag-bonatzbau-100.html\" target=\"_blank\" rel=\"noopener\">Stuttgarter Bahnhofshalle wird umgebaut<\/a>: &#8222;<em>Im Stuttgarter Bonatzbau wird es ernst: Wegen der Umbauarbeiten f\u00fcr Stuttgart 21 m\u00fcssen die Gesch\u00e4fte umziehen, ab Donnerstag gelten f\u00fcr Reisende neue Wege &#8211; sie m\u00fcssen sich auf teils lange Strecken einstellen.&#8220;<\/em><\/p>\n<p><strong>FAZ:<\/strong> <a title=\"\" href=\"https:\/\/www.faz.net\/aktuell\/gesellschaft\/menschen\/stuttgart-21-hauptbahnhof-der-geduldsproben-16335176.html\" target=\"_blank\" rel=\"noopener\"><span class=\"atc-HeadlineText\">Hauptbahnhof der Geduldsproben<\/span><\/a>: &#8222;<em>In Stuttgart m\u00fcssen Reisende noch lange mit Provisorien leben. Von Anfang 2020 an k\u00f6nnen sie die Bahnhofshalle gar nicht mehr betreten \u2013 sie m\u00fcssen dann durch \u201eGehkan\u00e4le\u201c laufen.&#8220;<\/em><\/p>\n","protected":false},"excerpt":{"rendered":"<p>StN: Abschied von der Schalterhalle: &#8222;Stuttgarter reagieren mit Wehmut und Fatalismus auf das Ende der Bahnhofshalle im Bonatzbau und den Eingriff in die Fassade. Aber es gibt auch Stimmen, die den Umbau begr\u00fc\u00dfen.\u201c\u00a0 Schaeferweltweit.de: Impressionen rund um den HBF \u2013 &hellip; <a href=\"https:\/\/netzwerke-21.de\/?p=32568\">Weiterlesen <span class=\"meta-nav\">&rarr;<\/span><\/a><\/p>\n","protected":false},"author":6,"featured_media":0,"comment_status":"closed","ping_status":"closed","sticky":false,"template":"","format":"standard","meta":{"footnotes":""},"categories":[81,50,80,58,53],"tags":[],"class_list":["post-32568","post","type-post","status-publish","format-standard","hentry","category-bonatz-bau","category-fusswege","category-s-bahn","category-tiefbahnhof","category-zeitplan"],"_links":{"self":[{"href":"https:\/\/netzwerke-21.de\/index.php?rest_route=\/wp\/v2\/posts\/32568","targetHints":{"allow":["GET"]}}],"collection":[{"href":"https:\/\/netzwerke-21.de\/index.php?rest_route=\/wp\/v2\/posts"}],"about":[{"href":"https:\/\/netzwerke-21.de\/index.php?rest_route=\/wp\/v2\/types\/post"}],"author":[{"embeddable":true,"href":"https:\/\/netzwerke-21.de\/index.php?rest_route=\/wp\/v2\/users\/6"}],"replies":[{"embeddable":true,"href":"https:\/\/netzwerke-21.de\/index.php?rest_route=%2Fwp%2Fv2%2Fcomments&post=32568"}],"version-history":[{"count":28,"href":"https:\/\/netzwerke-21.de\/index.php?rest_route=\/wp\/v2\/posts\/32568\/revisions"}],"predecessor-version":[{"id":32608,"href":"https:\/\/netzwerke-21.de\/index.php?rest_route=\/wp\/v2\/posts\/32568\/revisions\/32608"}],"wp:attachment":[{"href":"https:\/\/netzwerke-21.de\/index.php?rest_route=%2Fwp%2Fv2%2Fmedia&parent=32568"}],"wp:term":[{"taxonomy":"category","embeddable":true,"href":"https:\/\/netzwerke-21.de\/index.php?rest_route=%2Fwp%2Fv2%2Fcategories&post=32568"},{"taxonomy":"post_tag","embeddable":true,"href":"https:\/\/netzwerke-21.de\/index.php?rest_route=%2Fwp%2Fv2%2Ftags&post=32568"}],"curies":[{"name":"wp","href":"https:\/\/api.w.org\/{rel}","templated":true}]}}