{"id":32517,"date":"2019-08-09T23:16:45","date_gmt":"2019-08-09T21:16:45","guid":{"rendered":"http:\/\/netzwerke-21.de\/?p=32517"},"modified":"2020-05-25T23:12:34","modified_gmt":"2020-05-25T21:12:34","slug":"zdf-stuttgart-21-fortschritte-beim-gleisbau","status":"publish","type":"post","link":"https:\/\/netzwerke-21.de\/?p=32517","title":{"rendered":"Noch kein Gleisbau bei Stuttgart 21"},"content":{"rendered":"<p>F\u00fcr die Neubaustrecke zwischen Wendlingen und Ulm, die 2022 in Betrieb gehen soll, werden die ersten Gleise verlegt. Dar\u00fcber berichtete vor zwei Tagen das ZDF-Mittagsmagazin (<a title=\"\" href=\"https:\/\/www.zdf.de\/nachrichten\/zdf-mittagsmagazin\/stuttgart-21-kostenexplosion-beim-bau-100.html\" target=\"_blank\" rel=\"noopener\">hier<\/a>). Allerdings unter der v\u00f6llig falschen \u00dcberschrift &#8222;Stuttgart 21: Fortschritt beim Gleisbau&#8220;.<\/p>\n<p>Nur zur Klarstellung: F\u00fcr Stuttgart 21 wurde noch kein Meter Gleis verlegt. Abgesehen von den noch nicht einmal planfeststellten Abschnitten auf den Fildern, laufen die Vortriebs- und\u00a0 Bauarbeiten. Bis auf den maschinell aufgefahrenen Fildertunnel stehen bei den Tunneln noch ein Gro\u00dfteil der Innenverschalungsarbeiten an. In einigen anhydritf\u00fchrenden Abschnitten sind zuvor noch Kunstharzinjektionen zur Abdichtung gegen Wassereintritt erforderlich. Erst wenn die Innenverschalung fertig gestellt und die feste Fahrbahn und die <a title=\"\" href=\"http:\/\/netzwerke-21.de\/?p=32063\" target=\"_blank\" rel=\"noopener\">Masse-Feder-Systeme<\/a> eingebaut werden, starten auch die Gleisverlegungsarbeiten.<\/p>\n<p>Die Arbeiten f\u00fcr den bahntechnischen Innenausbau, die <a title=\"\" href=\"https:\/\/ted.europa.eu\/TED\/notice\/udl?uri=TED:NOTICE:88890-2019:TEXT:DE:HTML&amp;src=0\" target=\"_blank\" rel=\"noopener\">im Februar 2019 im zweiten Anlauf ausgeschrieben<\/a> wurden, sind auch noch nicht vergeben. Zudem wurde die <a title=\"\" href=\"https:\/\/ted.europa.eu\/udl?uri=TED:NOTICE:230694-2019:TEXT:DE:HTML&amp;src=0\" target=\"_blank\" rel=\"noopener\">Ausschreibung f\u00fcr die Bahntechnik\/Oberbau f\u00fcr den Feuerbacher Tunnel<\/a>, dem &#8222;<a title=\"Zum ersten Durchschlag beim Feuerbacher Tunnel, dem \u201evielleicht kompliziertesten Tunnelbau Deutschlands\u201c\" href=\"http:\/\/netzwerke-21.de\/?p=27760\" target=\"_blank\" rel=\"noopener\">vielleicht kompliziertesten Tunnelbau Deutschlands&#8220;,\u00a0<\/a> Mitte Mai mit der Begr\u00fcndung &#8222;Die Leistung wird derzeit nicht ben\u00f6tigt&#8220; wieder eingestellt.<\/p>\n<p>Die derzeit geplanten Termine f\u00fcr den Ausbau der Bahntechnik in den einzelnen Planfeststellungsabschnitten und Tunneln kann man aus der Lenkungskreis\u00fcbersicht vom 3.Mai 2019 entnehmen. Dunkelgrau eingezeichnet sind die Zeitr\u00e4ume, in denen die bahntechnische Ausstattung erfolgen soll:<\/p>\n<p><img loading=\"lazy\" decoding=\"async\" class=\"attachment-900x900 \" src=\"http:\/\/netzwerke-21.de\/wordpress\/wp-content\/uploads\/20190503-S-8.jpg\" sizes=\"auto, (max-width: 900px) 100vw, 900px\" srcset=\"http:\/\/netzwerke-21.de\/wordpress\/wp-content\/uploads\/20190503-S-8.jpg 909w, http:\/\/netzwerke-21.de\/wordpress\/wp-content\/uploads\/20190503-S-8-300x210.jpg 300w, http:\/\/netzwerke-21.de\/wordpress\/wp-content\/uploads\/20190503-S-8-768x537.jpg 768w\" alt=\"\" width=\"617\" height=\"431\" \/><\/p>\n<p>Nach diesem Zeitplan w\u00fcrde der bahntechnische Ausbau des &#8222;Tiefbahnhofs&#8220; am Nordkopf bereits Ende 2020 und am S\u00fcdkopf Ende 2021 starten. Zumindest am S\u00fcdkopf muss man ein dickes Fragezeichen dahinter machen. Es ist unklar, wie dies zeitlich realisiert werden kann. Zur Fertigstellung des Rohbaus am S\u00fcdkopf m\u00fcssten neben den sich im Bau befindlichen Baufeldern 24 und 25 auch noch die Bauarbeiten f\u00fcr Baufelder 21 und 23 gestartet und in Rekordzeit fertiggestellt werden. Hier in \u00dcberblick \u00fcber die Baufelder am S\u00fcdkopf Richtung Kernerviertel:<img loading=\"lazy\" decoding=\"async\" class=\"attachment-900x900 \" src=\"http:\/\/netzwerke-21.de\/wordpress\/wp-content\/uploads\/201806-Auszug-Suedkopf-Infoveranstaltung.jpg\" sizes=\"auto, (max-width: 653px) 100vw, 653px\" srcset=\"http:\/\/netzwerke-21.de\/wordpress\/wp-content\/uploads\/201806-Auszug-Suedkopf-Infoveranstaltung.jpg 653w, http:\/\/netzwerke-21.de\/wordpress\/wp-content\/uploads\/201806-Auszug-Suedkopf-Infoveranstaltung-300x273.jpg 300w\" alt=\"\" width=\"602\" height=\"548\" \/><\/p>\n<p>Das Baufeld 23 befindet sich mitten auf der B14. Mit dem Bau kann erst begonnen werden, wenn die<a title=\"StZN: So komplex ist die Baustelle an der Haltestelle Staatsgalerie\" href=\"http:\/\/netzwerke-21.de\/?p=30299\" target=\"_blank\" rel=\"noopener\"> neue SSB-Haltestelle Staatsgalerie wie geplant Ende 2020 in Betrieb<\/a> genommen und die alte, unterirdische SSB-Haltetstelle abgerissen wurde. Zuvor m\u00fcssen auch die Fahrspuren der Bundesstra\u00dfe \u00fcber das derzeit sich noch im Bau befindliche Trogfeld 24 \u00fcber Behelfsbr\u00fccken umgeleitet werden.<\/p>\n<p>Das Baufeld 21 neben dem Planetarium, auf dem noch der Fu\u00df- und Radweg quer durch die Baustelle verl\u00e4uft, ist von der Inbetriebnahme des Nesenbachd\u00fckers und dem Abbruch des alten Kanals abh\u00e4ngig. Bauarbeiten, die zumindest nach den ver\u00f6ffentlichten Ablaufpl\u00e4nen der Bahn mit der <a title=\"Netz 2018: Weshalb kann die SSB nicht sagen, wann die Bauarbeiten und Umleitungen beendet sein werden?\" href=\"http:\/\/netzwerke-21.de\/?p=26622\" target=\"_blank\" rel=\"noopener\">Herstellung der beiden neuen SSB-Tunnel Richtung Hauptbahnhof<\/a> verzahnt werden sollen. Diese <a title=\"Bauauftrag f\u00fcr die neuen SSB-Tunnel unter der Schillerstra\u00dfe erst jetzt vergeben\" href=\"http:\/\/netzwerke-21.de\/?p=31971\" target=\"_blank\" rel=\"noopener\">Bauarbeiten wurden von der Projektgesellschaft wegen den hohen Kosten mit einem halben Jahr Versp\u00e4tung vergeben<\/a> und werden erst jetzt im Sommer starten.<\/p>\n","protected":false},"excerpt":{"rendered":"<p>F\u00fcr die Neubaustrecke zwischen Wendlingen und Ulm, die 2022 in Betrieb gehen soll, werden die ersten Gleise verlegt. Dar\u00fcber berichtete vor zwei Tagen das ZDF-Mittagsmagazin (hier). Allerdings unter der v\u00f6llig falschen \u00dcberschrift &#8222;Stuttgart 21: Fortschritt beim Gleisbau&#8220;. Nur zur Klarstellung: &hellip; <a href=\"https:\/\/netzwerke-21.de\/?p=32517\">Weiterlesen <span class=\"meta-nav\">&rarr;<\/span><\/a><\/p>\n","protected":false},"author":6,"featured_media":0,"comment_status":"closed","ping_status":"closed","sticky":false,"template":"","format":"standard","meta":{"footnotes":""},"categories":[86,8,21,60,54,11,58,24,53],"tags":[],"class_list":["post-32517","post","type-post","status-publish","format-standard","hentry","category-bahntechnischer-innenausbau","category-bauarbeiten","category-kernerviertel","category-nesenbachdueker","category-neubaustrecke-stgt-ulm","category-ssb","category-tiefbahnhof","category-verkehr","category-zeitplan"],"_links":{"self":[{"href":"https:\/\/netzwerke-21.de\/index.php?rest_route=\/wp\/v2\/posts\/32517","targetHints":{"allow":["GET"]}}],"collection":[{"href":"https:\/\/netzwerke-21.de\/index.php?rest_route=\/wp\/v2\/posts"}],"about":[{"href":"https:\/\/netzwerke-21.de\/index.php?rest_route=\/wp\/v2\/types\/post"}],"author":[{"embeddable":true,"href":"https:\/\/netzwerke-21.de\/index.php?rest_route=\/wp\/v2\/users\/6"}],"replies":[{"embeddable":true,"href":"https:\/\/netzwerke-21.de\/index.php?rest_route=%2Fwp%2Fv2%2Fcomments&post=32517"}],"version-history":[{"count":48,"href":"https:\/\/netzwerke-21.de\/index.php?rest_route=\/wp\/v2\/posts\/32517\/revisions"}],"predecessor-version":[{"id":32566,"href":"https:\/\/netzwerke-21.de\/index.php?rest_route=\/wp\/v2\/posts\/32517\/revisions\/32566"}],"wp:attachment":[{"href":"https:\/\/netzwerke-21.de\/index.php?rest_route=%2Fwp%2Fv2%2Fmedia&parent=32517"}],"wp:term":[{"taxonomy":"category","embeddable":true,"href":"https:\/\/netzwerke-21.de\/index.php?rest_route=%2Fwp%2Fv2%2Fcategories&post=32517"},{"taxonomy":"post_tag","embeddable":true,"href":"https:\/\/netzwerke-21.de\/index.php?rest_route=%2Fwp%2Fv2%2Ftags&post=32517"}],"curies":[{"name":"wp","href":"https:\/\/api.w.org\/{rel}","templated":true}]}}