{"id":32406,"date":"2019-07-30T20:49:16","date_gmt":"2019-07-30T18:49:16","guid":{"rendered":"http:\/\/netzwerke-21.de\/?p=32406"},"modified":"2019-07-30T20:56:48","modified_gmt":"2019-07-30T18:56:48","slug":"rede-von-dr-ing-hans-joerg-jaekel-soll-auch-der-abstellbahnhof-von-s21-unterirdisch-werden-474-montagsdemo-am-29-7-2019","status":"publish","type":"post","link":"https:\/\/netzwerke-21.de\/?p=32406","title":{"rendered":"Rede von Dr.-Ing. Hans-J\u00f6rg J\u00e4kel, \u201eSoll auch der Abstellbahnhof von S21 unterirdisch werden?&#8220;"},"content":{"rendered":"<p>Rede von Dr.-Ing. Hans-J\u00f6rg J\u00e4ke auf der 474. Montagsdemo am 29.7.2019: <a title=\"\" href=\"http:\/\/ingenieure22.de\/cms\/index.php\/reden\/233-hjjk-abstellbhf-unterirdisch-md474\" target=\"_blank\" rel=\"noopener\">\u201eSoll auch der Abstellbahnhof von S21 unterirdisch werden?&#8220;:\u00a0\u00a0<\/a><em>&#8222;Von einem unterirdischen Abstellbahnhof habt ihr aber sicher noch nichts geh\u00f6rt. Es gibt auch nicht die Absicht, in Untert\u00fcrkheim in den Untergrund zu gehen, sondern das ist nur \u00fcbertragen gemeint. Die Qualit\u00e4t der Planungen ist einfach nur \u201eunterirdisch\u201c. [&#8230;]\u00a0 Bis 12. August k\u00f6nnen noch schriftliche Einwendungen gegen die Planungen f\u00fcr den Abstellbahnhof in Untert\u00fcrkheim beim RP Stuttgart eingereicht werden. Diese M\u00f6glichkeit sollten wir alle nutzen. Entweder man nimmt sich ein paar Punkte aus <a title=\"Gutes Konzept statt Notl\u00f6sung f\u00fcr S21: Oben bleiben!\" href=\"http:\/\/ingenieure22.de\/cms\/index.php\/reden\/228-hjjk-gutes-konzept-md465\">meinem Beitrag<\/a>\u00a0heraus oder man nutzt den <a title=\"Mustereinspruch zum Herunterladen\" href=\"http:\/\/ingenieure22.de\/cms\/images\/Planfeststellung\/PFA1-6b\/2019-07-29_Ing22_Mustereinspruch_PFA_16b.pdf\">Mustereinspruch der Ingenieure22<\/a> \u2013 m\u00f6glichst noch mit einem individuellen Einspruchsgrund erg\u00e4nzt.\u00a0<\/em>Einige Punkte des unterirdisch schlecht geplanten Abstellbahnhofs m\u00f6chte ich aber erneut aufz\u00e4hlen:<\/p>\n<ul>\n<li><em>die gro\u00dfe Entfernung zum Hauptbahnhof erfordert Zugfahrten statt Rangieren;<\/em><\/li>\n<li><em>auf Wartungskapazit\u00e4ten selbst f\u00fcr kleine Reparaturen soll verzichtet werden;<\/em><\/li>\n<li><em>beim Bau der Zuf\u00fchrung aus Bad Cannstatt werden die S-Bahnen S1, S2 und S3 f\u00fcr mehrere Jahre unterbrochen bzw. behindert;<\/em><\/li>\n<li><em>f\u00fcr die Zufahrt zum Stuttgarter Hafen sind keine ausreichenden Kapazit\u00e4ten zur Abstellung von G\u00fcterz\u00fcgen vorgesehen.&#8220;<\/em><\/li>\n<\/ul>\n","protected":false},"excerpt":{"rendered":"<p>Rede von Dr.-Ing. Hans-J\u00f6rg J\u00e4ke auf der 474. Montagsdemo am 29.7.2019: \u201eSoll auch der Abstellbahnhof von S21 unterirdisch werden?&#8220;:\u00a0\u00a0&#8222;Von einem unterirdischen Abstellbahnhof habt ihr aber sicher noch nichts geh\u00f6rt. Es gibt auch nicht die Absicht, in Untert\u00fcrkheim in den Untergrund &hellip; <a href=\"https:\/\/netzwerke-21.de\/?p=32406\">Weiterlesen <span class=\"meta-nav\">&rarr;<\/span><\/a><\/p>\n","protected":false},"author":6,"featured_media":0,"comment_status":"closed","ping_status":"closed","sticky":false,"template":"","format":"standard","meta":{"footnotes":""},"categories":[85,63,34,80,22],"tags":[],"class_list":["post-32406","post","type-post","status-publish","format-standard","hentry","category-ingenieure22","category-leistungsfaehigkeit","category-planfeststellung","category-s-bahn","category-untertuerkheim"],"_links":{"self":[{"href":"https:\/\/netzwerke-21.de\/index.php?rest_route=\/wp\/v2\/posts\/32406","targetHints":{"allow":["GET"]}}],"collection":[{"href":"https:\/\/netzwerke-21.de\/index.php?rest_route=\/wp\/v2\/posts"}],"about":[{"href":"https:\/\/netzwerke-21.de\/index.php?rest_route=\/wp\/v2\/types\/post"}],"author":[{"embeddable":true,"href":"https:\/\/netzwerke-21.de\/index.php?rest_route=\/wp\/v2\/users\/6"}],"replies":[{"embeddable":true,"href":"https:\/\/netzwerke-21.de\/index.php?rest_route=%2Fwp%2Fv2%2Fcomments&post=32406"}],"version-history":[{"count":3,"href":"https:\/\/netzwerke-21.de\/index.php?rest_route=\/wp\/v2\/posts\/32406\/revisions"}],"predecessor-version":[{"id":32409,"href":"https:\/\/netzwerke-21.de\/index.php?rest_route=\/wp\/v2\/posts\/32406\/revisions\/32409"}],"wp:attachment":[{"href":"https:\/\/netzwerke-21.de\/index.php?rest_route=%2Fwp%2Fv2%2Fmedia&parent=32406"}],"wp:term":[{"taxonomy":"category","embeddable":true,"href":"https:\/\/netzwerke-21.de\/index.php?rest_route=%2Fwp%2Fv2%2Fcategories&post=32406"},{"taxonomy":"post_tag","embeddable":true,"href":"https:\/\/netzwerke-21.de\/index.php?rest_route=%2Fwp%2Fv2%2Ftags&post=32406"}],"curies":[{"name":"wp","href":"https:\/\/api.w.org\/{rel}","templated":true}]}}