{"id":32038,"date":"2019-07-03T23:30:55","date_gmt":"2019-07-03T21:30:55","guid":{"rendered":"http:\/\/netzwerke-21.de\/?p=32038"},"modified":"2019-07-03T23:30:55","modified_gmt":"2019-07-03T21:30:55","slug":"stzn-bahnreisende-muessen-in-stuttgart-mit-groesseren-einschraenkungen-rechnen","status":"publish","type":"post","link":"https:\/\/netzwerke-21.de\/?p=32038","title":{"rendered":"StZN: Bahnreisende m\u00fcssen in Stuttgart mit gr\u00f6\u00dferen Einschr\u00e4nkungen rechnen"},"content":{"rendered":"<p><strong>StZN:<\/strong> <a title=\"\" href=\"https:\/\/www.stuttgarter-nachrichten.de\/inhalt.stuttgart-21-bahnreisende-muessen-in-stuttgart-mit-groesseren-einschraenkungen-rechnen.3ceb2fc2-6633-4db3-9797-8b6e428a759a.html\" target=\"_blank\" rel=\"noopener\"><span class=\"article-headline\">Bahnreisende m\u00fcssen in Stuttgart mit gr\u00f6\u00dferen Einschr\u00e4nkungen rechnen<\/span><\/a>: <em>&#8222;Bahnreisende m\u00fcssen in den kommenden Wochen mit Einschr\u00e4nkungen in Stuttgart rechnen. Wie die Deutsche Bahn sowie die Verkehrsunternehmen Abellio und Go Ahead am Mittwoch mitteilten, kommt es zwischen 10. und 22. Juli zu \u00c4nderungen in den Fahrpl\u00e4nen. Grund sind vor\u00fcbergehende Gleissperrungen am Bahnhof Stuttgart-Feuerbach im Zuge des Bahnprojekts Stuttgart 21.&#8220;<\/em><\/p>\n","protected":false},"excerpt":{"rendered":"<p>StZN: Bahnreisende m\u00fcssen in Stuttgart mit gr\u00f6\u00dferen Einschr\u00e4nkungen rechnen: &#8222;Bahnreisende m\u00fcssen in den kommenden Wochen mit Einschr\u00e4nkungen in Stuttgart rechnen. Wie die Deutsche Bahn sowie die Verkehrsunternehmen Abellio und Go Ahead am Mittwoch mitteilten, kommt es zwischen 10. und 22. &hellip; <a href=\"https:\/\/netzwerke-21.de\/?p=32038\">Weiterlesen <span class=\"meta-nav\">&rarr;<\/span><\/a><\/p>\n","protected":false},"author":6,"featured_media":0,"comment_status":"closed","ping_status":"closed","sticky":false,"template":"","format":"standard","meta":{"footnotes":""},"categories":[8,49,63],"tags":[],"class_list":["post-32038","post","type-post","status-publish","format-standard","hentry","category-bauarbeiten","category-feuerbach","category-leistungsfaehigkeit"],"_links":{"self":[{"href":"https:\/\/netzwerke-21.de\/index.php?rest_route=\/wp\/v2\/posts\/32038","targetHints":{"allow":["GET"]}}],"collection":[{"href":"https:\/\/netzwerke-21.de\/index.php?rest_route=\/wp\/v2\/posts"}],"about":[{"href":"https:\/\/netzwerke-21.de\/index.php?rest_route=\/wp\/v2\/types\/post"}],"author":[{"embeddable":true,"href":"https:\/\/netzwerke-21.de\/index.php?rest_route=\/wp\/v2\/users\/6"}],"replies":[{"embeddable":true,"href":"https:\/\/netzwerke-21.de\/index.php?rest_route=%2Fwp%2Fv2%2Fcomments&post=32038"}],"version-history":[{"count":1,"href":"https:\/\/netzwerke-21.de\/index.php?rest_route=\/wp\/v2\/posts\/32038\/revisions"}],"predecessor-version":[{"id":32039,"href":"https:\/\/netzwerke-21.de\/index.php?rest_route=\/wp\/v2\/posts\/32038\/revisions\/32039"}],"wp:attachment":[{"href":"https:\/\/netzwerke-21.de\/index.php?rest_route=%2Fwp%2Fv2%2Fmedia&parent=32038"}],"wp:term":[{"taxonomy":"category","embeddable":true,"href":"https:\/\/netzwerke-21.de\/index.php?rest_route=%2Fwp%2Fv2%2Fcategories&post=32038"},{"taxonomy":"post_tag","embeddable":true,"href":"https:\/\/netzwerke-21.de\/index.php?rest_route=%2Fwp%2Fv2%2Ftags&post=32038"}],"curies":[{"name":"wp","href":"https:\/\/api.w.org\/{rel}","templated":true}]}}