{"id":32036,"date":"2019-07-03T23:29:01","date_gmt":"2019-07-03T21:29:01","guid":{"rendered":"http:\/\/netzwerke-21.de\/?p=32036"},"modified":"2019-07-03T23:47:15","modified_gmt":"2019-07-03T21:47:15","slug":"stzn-ministerpraesident-zu-stuttgart-21-der-kaes-ist-gegessen","status":"publish","type":"post","link":"https:\/\/netzwerke-21.de\/?p=32036","title":{"rendered":"StZN: Ministerpr\u00e4sident zu Stuttgart 21: \u201eDer K\u00e4s\u2019 ist gegessen\u201c \/  Gr\u00fcnen-Politiker Matthias Gastel \u00fcber S 21: Eine Region im Verkehrsschatten"},"content":{"rendered":"<p><strong>StZN:<\/strong><a title=\"\" href=\"https:\/\/www.stuttgarter-zeitung.de\/inhalt.winfried-kretschmann-ministerpraesident-zu-stuttgart-21-der-kaes-ist-gegessen.31d17311-a56c-44df-95ba-4a2c1a8357c5.html\" target=\"_blank\" rel=\"noopener\">Ministerpr\u00e4sident zu Stuttgart 21: \u201eDer K\u00e4s\u2019 ist gegessen\u201c<\/a>: &#8222;<em>Winfried Kretschmann will das umstrittene Bahnprojekt Stuttgart 21 nicht mehr infrage stellen. In einem Gespr\u00e4ch mit Stuttgarter Gemeinder\u00e4ten verwies er abermals auf den Volksentscheid aus dem Jahr 2011.&#8220;<\/em><\/p>\n<p><strong>StZN:<\/strong> <a title=\"\" href=\"https:\/\/www.stuttgarter-zeitung.de\/inhalt.nuertingen-eine-region-im-verkehrsschatten.7f7e2713-ce7c-458e-89e8-44228030d013.html\" target=\"_blank\" rel=\"noopener\">Gr\u00fcnen-Politiker Matthias Gastel \u00fcber S 21. Eine Region im Verkehrsschatten<\/a>: <em>&#8222;Stuttgart 21 ist nicht mehr zu stoppen, sagt der Bundestagsabgeordnete der Gr\u00fcnen im Wahlkreis N\u00fcrtingen, Matthias Gastel. Allerdings m\u00fcssten nun die Verantwortlichen auch Farbe bekennen, sowohl was die Finanzierung als auch die Optimierung angeht.&#8220;<\/em><\/p>\n","protected":false},"excerpt":{"rendered":"<p>StZN:Ministerpr\u00e4sident zu Stuttgart 21: \u201eDer K\u00e4s\u2019 ist gegessen\u201c: &#8222;Winfried Kretschmann will das umstrittene Bahnprojekt Stuttgart 21 nicht mehr infrage stellen. In einem Gespr\u00e4ch mit Stuttgarter Gemeinder\u00e4ten verwies er abermals auf den Volksentscheid aus dem Jahr 2011.&#8220; StZN: Gr\u00fcnen-Politiker Matthias Gastel &hellip; <a href=\"https:\/\/netzwerke-21.de\/?p=32036\">Weiterlesen <span class=\"meta-nav\">&rarr;<\/span><\/a><\/p>\n","protected":false},"author":6,"featured_media":0,"comment_status":"closed","ping_status":"closed","sticky":false,"template":"","format":"standard","meta":{"footnotes":""},"categories":[40,59,39,63,26],"tags":[],"class_list":["post-32036","post","type-post","status-publish","format-standard","hentry","category-bund","category-kosten","category-land-bw","category-leistungsfaehigkeit","category-stadt-stuttgart"],"_links":{"self":[{"href":"https:\/\/netzwerke-21.de\/index.php?rest_route=\/wp\/v2\/posts\/32036","targetHints":{"allow":["GET"]}}],"collection":[{"href":"https:\/\/netzwerke-21.de\/index.php?rest_route=\/wp\/v2\/posts"}],"about":[{"href":"https:\/\/netzwerke-21.de\/index.php?rest_route=\/wp\/v2\/types\/post"}],"author":[{"embeddable":true,"href":"https:\/\/netzwerke-21.de\/index.php?rest_route=\/wp\/v2\/users\/6"}],"replies":[{"embeddable":true,"href":"https:\/\/netzwerke-21.de\/index.php?rest_route=%2Fwp%2Fv2%2Fcomments&post=32036"}],"version-history":[{"count":3,"href":"https:\/\/netzwerke-21.de\/index.php?rest_route=\/wp\/v2\/posts\/32036\/revisions"}],"predecessor-version":[{"id":32041,"href":"https:\/\/netzwerke-21.de\/index.php?rest_route=\/wp\/v2\/posts\/32036\/revisions\/32041"}],"wp:attachment":[{"href":"https:\/\/netzwerke-21.de\/index.php?rest_route=%2Fwp%2Fv2%2Fmedia&parent=32036"}],"wp:term":[{"taxonomy":"category","embeddable":true,"href":"https:\/\/netzwerke-21.de\/index.php?rest_route=%2Fwp%2Fv2%2Fcategories&post=32036"},{"taxonomy":"post_tag","embeddable":true,"href":"https:\/\/netzwerke-21.de\/index.php?rest_route=%2Fwp%2Fv2%2Ftags&post=32036"}],"curies":[{"name":"wp","href":"https:\/\/api.w.org\/{rel}","templated":true}]}}