{"id":31948,"date":"2019-06-27T08:33:38","date_gmt":"2019-06-27T06:33:38","guid":{"rendered":"http:\/\/netzwerke-21.de\/?p=31948"},"modified":"2019-06-27T08:35:38","modified_gmt":"2019-06-27T06:35:38","slug":"stzn-gruene-und-cdu-im-landtag-streiten-ueber-s-21","status":"publish","type":"post","link":"https:\/\/netzwerke-21.de\/?p=31948","title":{"rendered":"StZN: Gr\u00fcne und CDU im Landtag streiten \u00fcber S 21 \/ StZPlus: Fahrplant\u00fcftler sehen noch Luft nach oben"},"content":{"rendered":"<p><strong>StZN:<\/strong> <a title=\"\" href=\"https:\/\/www.stuttgarter-zeitung.de\/inhalt.stuttgart-21-gruene-und-cdu-im-landtag-streiten-ueber-s-21.784cb72f-0cfe-4dbf-ae95-846a4c1482b0.html\" target=\"_blank\" rel=\"noopener\">Gr\u00fcne und CDU im Landtag streiten \u00fcber S 21<\/a>: &#8222;<em>Die Fraktionen verst\u00e4ndigen sich darauf, Experten zu den m\u00f6glichen Engp\u00e4ssen in neuen System zu h\u00f6ren.&#8220;<\/em><\/p>\n<p><strong>StZPlus:<\/strong> <a title=\"\" href=\"https:\/\/www.stuttgarter-zeitung.de\/inhalt.stuttgart-21-fahrplantueftler-sehen-noch-luft-nach-oben.dbbf72b3-5115-499a-9bff-ac86a2c07332.html?reduced=true\" target=\"_blank\" rel=\"noopener\">Fahrplant\u00fcftler sehen noch Luft nach oben<\/a>: &#8222;<em>Die Bahn und das Land sollen im Rathaus Auskunft \u00fcber die Kapazit\u00e4t des neuen Bahnhofs bei Stuttgart 21 geben. Zuletzt wurden wieder Zweifel laut, dass die neue Station dem gew\u00fcnschten Zuwachs auf der Schiene gewachsen sei.&#8220;<\/em><\/p>\n","protected":false},"excerpt":{"rendered":"<p>StZN: Gr\u00fcne und CDU im Landtag streiten \u00fcber S 21: &#8222;Die Fraktionen verst\u00e4ndigen sich darauf, Experten zu den m\u00f6glichen Engp\u00e4ssen in neuen System zu h\u00f6ren.&#8220; StZPlus: Fahrplant\u00fcftler sehen noch Luft nach oben: &#8222;Die Bahn und das Land sollen im Rathaus &hellip; <a href=\"https:\/\/netzwerke-21.de\/?p=31948\">Weiterlesen <span class=\"meta-nav\">&rarr;<\/span><\/a><\/p>\n","protected":false},"author":6,"featured_media":0,"comment_status":"closed","ping_status":"closed","sticky":false,"template":"","format":"standard","meta":{"footnotes":""},"categories":[39,63,26,64,58],"tags":[],"class_list":["post-31948","post","type-post","status-publish","format-standard","hentry","category-land-bw","category-leistungsfaehigkeit","category-stadt-stuttgart","category-staedtebau","category-tiefbahnhof"],"_links":{"self":[{"href":"https:\/\/netzwerke-21.de\/index.php?rest_route=\/wp\/v2\/posts\/31948","targetHints":{"allow":["GET"]}}],"collection":[{"href":"https:\/\/netzwerke-21.de\/index.php?rest_route=\/wp\/v2\/posts"}],"about":[{"href":"https:\/\/netzwerke-21.de\/index.php?rest_route=\/wp\/v2\/types\/post"}],"author":[{"embeddable":true,"href":"https:\/\/netzwerke-21.de\/index.php?rest_route=\/wp\/v2\/users\/6"}],"replies":[{"embeddable":true,"href":"https:\/\/netzwerke-21.de\/index.php?rest_route=%2Fwp%2Fv2%2Fcomments&post=31948"}],"version-history":[{"count":3,"href":"https:\/\/netzwerke-21.de\/index.php?rest_route=\/wp\/v2\/posts\/31948\/revisions"}],"predecessor-version":[{"id":31951,"href":"https:\/\/netzwerke-21.de\/index.php?rest_route=\/wp\/v2\/posts\/31948\/revisions\/31951"}],"wp:attachment":[{"href":"https:\/\/netzwerke-21.de\/index.php?rest_route=%2Fwp%2Fv2%2Fmedia&parent=31948"}],"wp:term":[{"taxonomy":"category","embeddable":true,"href":"https:\/\/netzwerke-21.de\/index.php?rest_route=%2Fwp%2Fv2%2Fcategories&post=31948"},{"taxonomy":"post_tag","embeddable":true,"href":"https:\/\/netzwerke-21.de\/index.php?rest_route=%2Fwp%2Fv2%2Ftags&post=31948"}],"curies":[{"name":"wp","href":"https:\/\/api.w.org\/{rel}","templated":true}]}}