{"id":31907,"date":"2019-06-25T23:54:16","date_gmt":"2019-06-25T21:54:16","guid":{"rendered":"http:\/\/netzwerke-21.de\/?p=31907"},"modified":"2019-06-26T08:40:24","modified_gmt":"2019-06-26T06:40:24","slug":"report-muenchen-milliarden-grab-stuttgart-21-wenn-der-tunnel-zur-bedrohung-wird","status":"publish","type":"post","link":"https:\/\/netzwerke-21.de\/?p=31907","title":{"rendered":"Report M\u00fcnchen: Milliarden-Grab Stuttgart 21. Wenn der Tunnel zur Bedrohung wird"},"content":{"rendered":"<p>Durch die Berichterstattung des SWR ist auch der Report M\u00fcnchen auf die Bausch\u00e4den im Kernerviertel aufmerksam geworden und hat heute im Ersten (<a title=\"BR: Milliarden-Grab Stuttgart 21 Wenn der Tunnel zur Bedrohung wird\" href=\"https:\/\/www.br.de\/fernsehen\/das-erste\/sendungen\/report-muenchen\/videos-und-manuskripte\/milliarden-grab-stuttgart-21-risse-haeuser-104.html\" target=\"_blank\" rel=\"noopener\">hier<\/a>) einen sechsmin\u00fctigen Beitrag \u00fcber Stuttgart 21 gebracht.<\/p>\n<p>In der Ank\u00fcndigung hei\u00dft es: &#8222;<em>Stuttgart 21 sollte urspr\u00fcnglich einmal 2,5 Milliarden Euro kosten. Mittlerweile sind die Kosten auf rund acht Milliarden gestiegen, Kritiker rechnen mit weit \u00fcber 10 Milliarden. Doch das ist bei weitem nicht alles: Die Leistungskapazit\u00e4t des neuen Bahnhofs ist m\u00f6glicherweise nicht ausreichend und bei H\u00e4usern in unmittelbarer N\u00e4he des Hauptbahnhofs sind nun Risse aufgetreten.&#8220;<\/em><\/p>\n<p>Im TV-Beitrag gezeigt wird auch der aktuelle Zustand der Risse in der Kernerstr.47, <a title=\"Bausch\u00e4den in SWR-Sendung: Risse in der Kernerstra\u00dfe 47 werden immer breiter und tiefer\" href=\"http:\/\/netzwerke-21.de\/?p=31818\" target=\"_blank\" rel=\"noopener\">das stark von Risssen durch den Tunnelbau betroffen ist<\/a>. Immer neue Reperaturen sind erforderlich. Die Mieterin sorgt sich nicht nur wegen der herausbrechenden Putz- und Mauerteile, sondern auch dass sich ein neuer Riss nahe an der Gasleitung gebildet hat.Der Hausbesitzer konstatiert: &#8222;<em>Die Summe der Sch\u00e4den, die wir im Haus haben, die sind halt dramatisch. Und dadurch, dass es sehr viele Sch\u00e4den sind, wei\u00df ich nicht, wie wir das in absehbarer Zeit wieder repariert bekommen.<\/em>&#8220; Er hat sogar Angst, dass sein Haus am Ende &#8211; <a title=\"StZ+: S\u200921: Bahn rei\u00dft besch\u00e4digtes Haus ab\" href=\"http:\/\/netzwerke-21.de\/?p=31343\" target=\"_blank\" rel=\"noopener\">wie auch der Anbau der Kernerstra\u00dfe 30<\/a>&#8211; abgerissen werden muss.<\/p>\n<p>Wie im <a title=\"\" href=\"http:\/\/netzwerke-21.de\/?p=31818\" target=\"_blank\" rel=\"noopener\">letzten Beitrag<\/a> berichtet, haben sich die Risse an diesem Haus, das nicht untertunnelt wird, durch die ungleichm\u00e4\u00dfige Absenkung der Geb\u00e4udeecken des Hauses gebildet. Beim Tunnelbau trafen die Mineure auf einen Hohlraum im ausgelaugten Gipskeuper, der zur Stabilisierung mit Beton verf\u00fcllt werden musste.<\/p>\n<p>Report M\u00fcnchen berichtet auch \u00fcber den Fassadenschaden, der sich am 19.Juni am gegen\u00fcberliegenden denkmalgesch\u00fctzten Wohnhaus Kernerstra\u00dfe 32 ereignet hat.\u00a0 Ausgel\u00f6st durch die Vortriebsarbeiten fielen zwei, je 3 bzw. 4 kg schwere, Fassadenteile (vom Sims rechts neben dem gr\u00fcnen Fenster) aus mehreren Metern H\u00f6he auf den Gehweg. Es w\u00e4re lebensgef\u00e4hrlich gewesen, wenn diese Platten jemand auf den Kopf bekommen h\u00e4tte:<\/p>\n<p><img decoding=\"async\" class=\"thumbnail\" src=\"http:\/\/netzwerke-21.de\/wordpress\/wp-content\/uploads\/20190619-Foto-Kernerstr.32.jpg\" alt=\"\" \/><\/p>\n<p>Report M\u00fcnchen hat bei der Pressestelle der Projektgesellschaft nachgehakt. Zur Reaktion der Projektgesellschaft auf die vortriebsbedingten Bausch\u00e4den im Kernerviertel hei\u00dft es im TV-Beitrag: &#8222;<em>Ein Interview vor der Kamera ist f\u00fcr die Bahn nicht m\u00f6glich, obwohl sie sogar in Stuttgart eine eigene Pressestelle f\u00fcr das Gro\u00dfprojekt betreibt. Schriftlich hei\u00dft es, die Standsicherheit der Geb\u00e4ude sei nach derzeitigem Stand nicht gef\u00e4hrdet. Und: \u201eSchadensmeldungen sind grunds\u00e4tzlich individuell zu behandeln, die jeweiligen Ursachen sind unterschiedlich und komplex.\u201c<\/em><\/p>\n<p>Im Film kommentiert dies Frank Schweizer ver\u00e4rgert: &#8222;<em>Bausch\u00e4den wurden ja von der Bahn nicht angek\u00fcndigt, sondern in Abrede gestellt. \u201aWir haben alles im Griff!\u2018 Nur das Eintreten der Bausch\u00e4den hat auch die Verantwortlichen bei der Bahn eines Besseren belehrt.&#8220;<\/em><\/p>\n<p>Im Zusammenhang mit den Bausch\u00e4den m\u00f6chten wir an zwei Gespr\u00e4che der Netzwerke erinnern: Die Projektgesellschaft hat im <a title=\"Bahn will vom Tunnelbau betroffene Anwohner im Kernerviertel noch vor den Sommerferien informieren\" href=\"http:\/\/netzwerke-21.de\/?p=31697\" target=\"_blank\" rel=\"noopener\">Gespr\u00e4ch mit Vertretern des Netzwerks Kernerviertel zugesichert<\/a>, dass sie die Anwohner \u00fcber und neben den Tunneln noch vor den Sommerferien in zwei Veranstaltungen \u00fcber die Ursachen informiert. Im <a title=\"Netzwerk im Gespr\u00e4ch wegen Schadensregulierungen am Kriegsberg \u2013 Bahn und Versicherung sagen Besserung zu\" href=\"http:\/\/netzwerke-21.de\/?p=31743\" target=\"_blank\" rel=\"noopener\">Termin mit Vertretern des Netzwerks Killesberg<\/a> wurden von Seiten der Bahn und der Versicherung Besserung bei der Kosten\u00fcbernahme von baubedingten Geb\u00e4udesch\u00e4den versprochen.<\/p>\n","protected":false},"excerpt":{"rendered":"<p>Durch die Berichterstattung des SWR ist auch der Report M\u00fcnchen auf die Bausch\u00e4den im Kernerviertel aufmerksam geworden und hat heute im Ersten (hier) einen sechsmin\u00fctigen Beitrag \u00fcber Stuttgart 21 gebracht. In der Ank\u00fcndigung hei\u00dft es: &#8222;Stuttgart 21 sollte urspr\u00fcnglich einmal &hellip; <a href=\"https:\/\/netzwerke-21.de\/?p=31907\">Weiterlesen <span class=\"meta-nav\">&rarr;<\/span><\/a><\/p>\n","protected":false},"author":6,"featured_media":0,"comment_status":"closed","ping_status":"closed","sticky":false,"template":"","format":"standard","meta":{"footnotes":""},"categories":[9,40,12,16,21,59,63],"tags":[],"class_list":["post-31907","post","type-post","status-publish","format-standard","hentry","category-bauschaeden","category-bund","category-gebaeuderisiken","category-haftung-im-schadensfall","category-kernerviertel","category-kosten","category-leistungsfaehigkeit"],"_links":{"self":[{"href":"https:\/\/netzwerke-21.de\/index.php?rest_route=\/wp\/v2\/posts\/31907","targetHints":{"allow":["GET"]}}],"collection":[{"href":"https:\/\/netzwerke-21.de\/index.php?rest_route=\/wp\/v2\/posts"}],"about":[{"href":"https:\/\/netzwerke-21.de\/index.php?rest_route=\/wp\/v2\/types\/post"}],"author":[{"embeddable":true,"href":"https:\/\/netzwerke-21.de\/index.php?rest_route=\/wp\/v2\/users\/6"}],"replies":[{"embeddable":true,"href":"https:\/\/netzwerke-21.de\/index.php?rest_route=%2Fwp%2Fv2%2Fcomments&post=31907"}],"version-history":[{"count":34,"href":"https:\/\/netzwerke-21.de\/index.php?rest_route=\/wp\/v2\/posts\/31907\/revisions"}],"predecessor-version":[{"id":31942,"href":"https:\/\/netzwerke-21.de\/index.php?rest_route=\/wp\/v2\/posts\/31907\/revisions\/31942"}],"wp:attachment":[{"href":"https:\/\/netzwerke-21.de\/index.php?rest_route=%2Fwp%2Fv2%2Fmedia&parent=31907"}],"wp:term":[{"taxonomy":"category","embeddable":true,"href":"https:\/\/netzwerke-21.de\/index.php?rest_route=%2Fwp%2Fv2%2Fcategories&post=31907"},{"taxonomy":"post_tag","embeddable":true,"href":"https:\/\/netzwerke-21.de\/index.php?rest_route=%2Fwp%2Fv2%2Ftags&post=31907"}],"curies":[{"name":"wp","href":"https:\/\/api.w.org\/{rel}","templated":true}]}}