{"id":31806,"date":"2019-06-19T14:34:57","date_gmt":"2019-06-19T12:34:57","guid":{"rendered":"http:\/\/netzwerke-21.de\/?p=31806"},"modified":"2019-06-19T15:00:12","modified_gmt":"2019-06-19T13:00:12","slug":"ntv-hermann-bleibt-dabei-stuttgart-21-ist-eine-fehlentscheidung","status":"publish","type":"post","link":"https:\/\/netzwerke-21.de\/?p=31806","title":{"rendered":"StZN: Hermann bleibt dabei: Stuttgart 21 ist eine Fehlentscheidung  \/ SWR: S21: Hermann f\u00fcr Teilerhalt des Stuttgarter Kopfbahnhofs"},"content":{"rendered":"<p><strong>StZN: <\/strong><a title=\"\" href=\"https:\/\/www.stuttgarter-nachrichten.de\/inhalt.winfried-hermann-verkehrsminister-beleibt-dabei-stuttgart-21-ist-eine-fehlentscheidung.6b35acbe-eae8-41cb-8e88-d958d51e3dd5.html\" target=\"_blank\" rel=\"noopener\"><span class=\"article-kicker\">Winfried Hermann bleibt dabei.<\/span> <span class=\"article-headline\">Stuttgart 21 ist eine Fehlentscheidung<\/span><\/a>: &#8222;<em>Das Mega-Projekt Stuttgart 21 pr\u00e4gt die Amtszeit von Baden-W\u00fcrttembergs Verkehrsminister Winfried Hermann. Und der Gr\u00fcnen-Politiker w\u00fcrde lieber heute auf morgen darauf verzichten. Er nennt den Tiefbahnhof eine Fehlinvestition &#8211; und hat einen Vorschlag. [&#8230;] Im SWR brachte Hermann einen &#8222;Kopfbahnhof light&#8220; ins Spiel. Demnach k\u00f6nne ein Teil des Kopfbahnhofes erhalten bleiben, um unter anderem Engp\u00e4sse im Tunnel auszugleichen. Dar\u00fcber m\u00fcsse gesprochen werden, bevor das Gleisbett mit Geb\u00e4uden verplant werde, sagte Hermann dem Sender.&#8220; <\/em><a title=\"\" href=\"https:\/\/www.n-tv.de\/regionales\/baden-wuerttemberg\/Hermann-bleibt-dabei-Stuttgart-21-ist-eine-Fehlentscheidung-article21095966.html\" target=\"_blank\" rel=\"noopener\"><span class=\"article__headline\">auch bei ntv<\/span><\/a><\/p>\n<p><strong>SWR:<\/strong> <a title=\"\" href=\"https:\/\/www.swr.de\/swraktuell\/baden-wuerttemberg\/Tiefbahnhof-Stuttgart-21-funktioniert-nicht-mit-Halbstunden-Fahrten-Viel-Kritik-aus-Baden-Wuerttemberg,reaktionen-s21-deutschlandtakt-100.html\" target=\"_blank\" rel=\"noopener\">S21: Hermann f\u00fcr Teilerhalt des Stuttgarter Kopfbahnhofs<\/a>: &#8222;<em>Nach SWR-Recherchen w\u00fcrde der geplante Deutschlandtakt am Tiefbahnhof Stuttgart 21 nicht funktionieren. Verkehrsminister Hermann fordert Nachbesserungen &#8211; und Gespr\u00e4che \u00fcber einen &#8222;Kopfbahnhof light&#8220;.<\/em><\/p>\n","protected":false},"excerpt":{"rendered":"<p>StZN: Winfried Hermann bleibt dabei. Stuttgart 21 ist eine Fehlentscheidung: &#8222;Das Mega-Projekt Stuttgart 21 pr\u00e4gt die Amtszeit von Baden-W\u00fcrttembergs Verkehrsminister Winfried Hermann. Und der Gr\u00fcnen-Politiker w\u00fcrde lieber heute auf morgen darauf verzichten. Er nennt den Tiefbahnhof eine Fehlinvestition &#8211; und &hellip; <a href=\"https:\/\/netzwerke-21.de\/?p=31806\">Weiterlesen <span class=\"meta-nav\">&rarr;<\/span><\/a><\/p>\n","protected":false},"author":6,"featured_media":0,"comment_status":"closed","ping_status":"closed","sticky":false,"template":"","format":"standard","meta":{"footnotes":""},"categories":[1,81,46,62,39,63,64,58,53],"tags":[],"class_list":["post-31806","post","type-post","status-publish","format-standard","hentry","category-allgemein","category-bonatz-bau","category-filderbereich","category-klageverfahren","category-land-bw","category-leistungsfaehigkeit","category-staedtebau","category-tiefbahnhof","category-zeitplan"],"_links":{"self":[{"href":"https:\/\/netzwerke-21.de\/index.php?rest_route=\/wp\/v2\/posts\/31806","targetHints":{"allow":["GET"]}}],"collection":[{"href":"https:\/\/netzwerke-21.de\/index.php?rest_route=\/wp\/v2\/posts"}],"about":[{"href":"https:\/\/netzwerke-21.de\/index.php?rest_route=\/wp\/v2\/types\/post"}],"author":[{"embeddable":true,"href":"https:\/\/netzwerke-21.de\/index.php?rest_route=\/wp\/v2\/users\/6"}],"replies":[{"embeddable":true,"href":"https:\/\/netzwerke-21.de\/index.php?rest_route=%2Fwp%2Fv2%2Fcomments&post=31806"}],"version-history":[{"count":4,"href":"https:\/\/netzwerke-21.de\/index.php?rest_route=\/wp\/v2\/posts\/31806\/revisions"}],"predecessor-version":[{"id":31810,"href":"https:\/\/netzwerke-21.de\/index.php?rest_route=\/wp\/v2\/posts\/31806\/revisions\/31810"}],"wp:attachment":[{"href":"https:\/\/netzwerke-21.de\/index.php?rest_route=%2Fwp%2Fv2%2Fmedia&parent=31806"}],"wp:term":[{"taxonomy":"category","embeddable":true,"href":"https:\/\/netzwerke-21.de\/index.php?rest_route=%2Fwp%2Fv2%2Fcategories&post=31806"},{"taxonomy":"post_tag","embeddable":true,"href":"https:\/\/netzwerke-21.de\/index.php?rest_route=%2Fwp%2Fv2%2Ftags&post=31806"}],"curies":[{"name":"wp","href":"https:\/\/api.w.org\/{rel}","templated":true}]}}