{"id":31395,"date":"2019-05-21T22:03:07","date_gmt":"2019-05-21T20:03:07","guid":{"rendered":"http:\/\/netzwerke-21.de\/?p=31395"},"modified":"2019-05-22T12:36:49","modified_gmt":"2019-05-22T10:36:49","slug":"anfrage-der-gruenen-an-die-stadt-stuttgart-zu-gebaeudeschaeden-im-kernerviertel","status":"publish","type":"post","link":"https:\/\/netzwerke-21.de\/?p=31395","title":{"rendered":"Anfrage der Gr\u00fcnen an die Stadt Stuttgart zu Geb\u00e4udesch\u00e4den im Kernerviertel"},"content":{"rendered":"<p>Die Stadtr\u00e4te der Gr\u00fcnen-Fraktion im Gemeinderat haben heute eine Anfrage an die Stadt Stuttgart zu den Geb\u00e4udesch\u00e4den im Kernerviertel gestellt. Lesen Sie <a title=\"\" href=\"http:\/\/netzwerke-21.de\/wordpress\/wp-content\/uploads\/20190519-Hausabriss-im-Kernerviertel-wirft-Fragen-auf.pdf\" target=\"_blank\" rel=\"noopener\">hier<\/a>. Auch aus ihrer Sicht wirft der Hausabriss im Kernerviertel und die Einsch\u00e4tzung der Bahn Fragen auf. Die Projektgesellschaft soll die offenen Fragen des Netzwerks Kernerviertel in einer\u00a0 Informationsveranstaltung beantworten und die betroffenen Anwohner transparent informieren. In dieser Anfrage beantragen die Stadtr\u00e4te daher:<\/p>\n<p><em>&#8222;1. Die st\u00e4dtische B\u00fcrgerbeauftragte f\u00fcr Stuttgart 21 f\u00fchrt in Abstimmung mit dem Netzwerk Kernerviertel, der PSU und dem Bezirksbeirat Mitte schnellstm\u00f6glich eine \u00f6ffentliche Informationsveranstaltung f\u00fcr die Anwohner*innen des Kernerviertels durch, bei der alle Fragen des Netzwerks beantwortet werden und l\u00fcckenlos \u00fcber die Situation des vom Tunnelbau betroffenen Geb\u00e4udebestandes im Kernerviertel informiert wird. <\/em><\/p>\n<p><em>2. In einer der n\u00e4chsten Sitzungen des Ausschusses f\u00fcr Umwelt und Technik wird der Ge-meinderat \u00fcber die Lage im Kernerviertel informiert (Stand der Tunnelarbeiten, Ergebnisse der Messungen an den Geb\u00e4uden, Situation und Hintergr\u00fcnde der bisher festgestellten Besch\u00e4digungen an Geb\u00e4uden, weiteres Vorgehen der PSU im Bauabschnitt unter dem Kernerviertel).&#8220;<\/em><\/p>\n","protected":false},"excerpt":{"rendered":"<p>Die Stadtr\u00e4te der Gr\u00fcnen-Fraktion im Gemeinderat haben heute eine Anfrage an die Stadt Stuttgart zu den Geb\u00e4udesch\u00e4den im Kernerviertel gestellt. Lesen Sie hier. Auch aus ihrer Sicht wirft der Hausabriss im Kernerviertel und die Einsch\u00e4tzung der Bahn Fragen auf. Die &hellip; <a href=\"https:\/\/netzwerke-21.de\/?p=31395\">Weiterlesen <span class=\"meta-nav\">&rarr;<\/span><\/a><\/p>\n","protected":false},"author":6,"featured_media":0,"comment_status":"closed","ping_status":"closed","sticky":false,"template":"","format":"standard","meta":{"footnotes":""},"categories":[83,16,72,21,26],"tags":[],"class_list":["post-31395","post","type-post","status-publish","format-standard","hentry","category-anwohnerveranstaltung","category-haftung-im-schadensfall","category-hebungsinjektionen","category-kernerviertel","category-stadt-stuttgart"],"_links":{"self":[{"href":"https:\/\/netzwerke-21.de\/index.php?rest_route=\/wp\/v2\/posts\/31395","targetHints":{"allow":["GET"]}}],"collection":[{"href":"https:\/\/netzwerke-21.de\/index.php?rest_route=\/wp\/v2\/posts"}],"about":[{"href":"https:\/\/netzwerke-21.de\/index.php?rest_route=\/wp\/v2\/types\/post"}],"author":[{"embeddable":true,"href":"https:\/\/netzwerke-21.de\/index.php?rest_route=\/wp\/v2\/users\/6"}],"replies":[{"embeddable":true,"href":"https:\/\/netzwerke-21.de\/index.php?rest_route=%2Fwp%2Fv2%2Fcomments&post=31395"}],"version-history":[{"count":6,"href":"https:\/\/netzwerke-21.de\/index.php?rest_route=\/wp\/v2\/posts\/31395\/revisions"}],"predecessor-version":[{"id":31413,"href":"https:\/\/netzwerke-21.de\/index.php?rest_route=\/wp\/v2\/posts\/31395\/revisions\/31413"}],"wp:attachment":[{"href":"https:\/\/netzwerke-21.de\/index.php?rest_route=%2Fwp%2Fv2%2Fmedia&parent=31395"}],"wp:term":[{"taxonomy":"category","embeddable":true,"href":"https:\/\/netzwerke-21.de\/index.php?rest_route=%2Fwp%2Fv2%2Fcategories&post=31395"},{"taxonomy":"post_tag","embeddable":true,"href":"https:\/\/netzwerke-21.de\/index.php?rest_route=%2Fwp%2Fv2%2Ftags&post=31395"}],"curies":[{"name":"wp","href":"https:\/\/api.w.org\/{rel}","templated":true}]}}