{"id":31238,"date":"2019-05-05T21:38:03","date_gmt":"2019-05-05T19:38:03","guid":{"rendered":"http:\/\/netzwerke-21.de\/?p=31238"},"modified":"2019-05-05T23:48:52","modified_gmt":"2019-05-05T21:48:52","slug":"grosse-wendlinger-kurve-wird-mit-zuschuessen-von-land-und-region-gebaut","status":"publish","type":"post","link":"https:\/\/netzwerke-21.de\/?p=31238","title":{"rendered":"Gro\u00dfe Wendlinger Kurve wird mit Zusch\u00fcssen von Land und Region gebaut"},"content":{"rendered":"<p><strong>StZ:<\/strong> <a title=\"\" href=\"https:\/\/www.stuttgarter-zeitung.de\/inhalt.lenkungskreis-stuttgart-21-s-21-erweiterung-im-neckartal-wird-gebaut.2233ba1f-d18d-46e4-832e-2afd08a6d383.html\" target=\"_blank\" rel=\"noopener\">S-21-Erweiterung im Neckartal wird gebaut<\/a>: &#8222;<em>Der Abzweig von der Neubaustrecke Stuttgart-Ulm Richtung T\u00fcbingen bekommt ein zweites Gleis. Landesverkehrsminister Winfried Hermann und Bahnvorstand Pofalla haben den Finanzierungsvertrag unterzeichnet. F\u00fcr das Land ist das nicht ohne Risiko.&#8220;<\/em><\/p>\n<p><strong>StN:<\/strong> <a title=\"\" href=\"https:\/\/www.stuttgarter-nachrichten.de\/inhalt.stuttgart-21-knoten-um-wendlinger-kurve-geloest.09854f2e-0e1c-47c8-82a4-f270fa6deaa8.html\" target=\"_blank\" rel=\"noopener\"><span class=\"article-headline\">Knoten um Wendlinger Kurve gel\u00f6st<\/span><\/a>: &#8222;<em>Bald neun Jahre nach dem Schlichterspruch von Heiner Gei\u00dfler haben sich die Partner des Bahnprojekts Stuttgart\u200921 am Freitag auf den Bau eines Zusatzgleises bei Wendlingen geeinigt. Gei\u00dfler hatte die Verbesserung als \u201eunabdingbar\u201c bezeichnet. Die zus\u00e4tzliche, nun kreuzungsfreie Infrastruktur durch das zweite Gleis z\u00e4hlt nicht zum Projekt Stuttgart 21, sondern zur haupts\u00e4chlich vom Bund und vom Land mit 950 Millionen Euro finanzierten Strecke Wendlingen-Ulm (3,7 Milliarden Euro Baukosten), soll sich aber unmittelbar auf die Betriebsqualit\u00e4t des neuen Hauptbahnhofs auswirken.&#8220;<\/em><\/p>\n<p><strong>SWR<\/strong>: <a title=\"\" href=\"https:\/\/www.swr.de\/swraktuell\/baden-wuerttemberg\/stuttgart\/stuttgart-21-einigung-wendlinger-kurve,s21-lenkungskreis-110.html\" target=\"_blank\" rel=\"noopener\">Drohendes Nadel\u00f6hr bei Stuttgart 21 abgewendet<\/a>: &#8222;<em>Land und Deutsche Bahn haben sich am Freitag auf einen Finanzierungsvertrag f\u00fcr die sogenannte &#8222;Gro\u00dfe Wendlinger Kurve&#8220; geeinigt. Bis zu 100 Millionen Euro soll die Neubaustrecke kosten.&#8220;<\/em><\/p>\n","protected":false},"excerpt":{"rendered":"<p>StZ: S-21-Erweiterung im Neckartal wird gebaut: &#8222;Der Abzweig von der Neubaustrecke Stuttgart-Ulm Richtung T\u00fcbingen bekommt ein zweites Gleis. Landesverkehrsminister Winfried Hermann und Bahnvorstand Pofalla haben den Finanzierungsvertrag unterzeichnet. F\u00fcr das Land ist das nicht ohne Risiko.&#8220; StN: Knoten um Wendlinger &hellip; <a href=\"https:\/\/netzwerke-21.de\/?p=31238\">Weiterlesen <span class=\"meta-nav\">&rarr;<\/span><\/a><\/p>\n","protected":false},"author":6,"featured_media":0,"comment_status":"closed","ping_status":"closed","sticky":false,"template":"","format":"standard","meta":{"footnotes":""},"categories":[55,82,39,63,79,54,26],"tags":[],"class_list":["post-31238","post","type-post","status-publish","format-standard","hentry","category-anhydrit","category-esslingen","category-land-bw","category-leistungsfaehigkeit","category-lenkungskreis","category-neubaustrecke-stgt-ulm","category-stadt-stuttgart"],"_links":{"self":[{"href":"https:\/\/netzwerke-21.de\/index.php?rest_route=\/wp\/v2\/posts\/31238","targetHints":{"allow":["GET"]}}],"collection":[{"href":"https:\/\/netzwerke-21.de\/index.php?rest_route=\/wp\/v2\/posts"}],"about":[{"href":"https:\/\/netzwerke-21.de\/index.php?rest_route=\/wp\/v2\/types\/post"}],"author":[{"embeddable":true,"href":"https:\/\/netzwerke-21.de\/index.php?rest_route=\/wp\/v2\/users\/6"}],"replies":[{"embeddable":true,"href":"https:\/\/netzwerke-21.de\/index.php?rest_route=%2Fwp%2Fv2%2Fcomments&post=31238"}],"version-history":[{"count":3,"href":"https:\/\/netzwerke-21.de\/index.php?rest_route=\/wp\/v2\/posts\/31238\/revisions"}],"predecessor-version":[{"id":31283,"href":"https:\/\/netzwerke-21.de\/index.php?rest_route=\/wp\/v2\/posts\/31238\/revisions\/31283"}],"wp:attachment":[{"href":"https:\/\/netzwerke-21.de\/index.php?rest_route=%2Fwp%2Fv2%2Fmedia&parent=31238"}],"wp:term":[{"taxonomy":"category","embeddable":true,"href":"https:\/\/netzwerke-21.de\/index.php?rest_route=%2Fwp%2Fv2%2Fcategories&post=31238"},{"taxonomy":"post_tag","embeddable":true,"href":"https:\/\/netzwerke-21.de\/index.php?rest_route=%2Fwp%2Fv2%2Ftags&post=31238"}],"curies":[{"name":"wp","href":"https:\/\/api.w.org\/{rel}","templated":true}]}}