{"id":31210,"date":"2019-04-17T23:52:44","date_gmt":"2019-04-17T21:52:44","guid":{"rendered":"http:\/\/netzwerke-21.de\/?p=31210"},"modified":"2019-04-17T23:52:44","modified_gmt":"2019-04-17T21:52:44","slug":"stzn-neuer-bauantrag-fuer-den-abstellbahnhof","status":"publish","type":"post","link":"https:\/\/netzwerke-21.de\/?p=31210","title":{"rendered":"StZN: Neuer Bauantrag f\u00fcr den Abstellbahnhof"},"content":{"rendered":"<p><strong>StZN:<\/strong><a title=\"\" href=\"https:\/\/www.stuttgarter-zeitung.de\/inhalt.stuttgart-21-in-s-untertuerkheim-neuer-bauantrag-fuer-den-abstellbahnhof.acdafcdd-53d3-45bf-963f-3985492336dc.html\" target=\"_blank\" rel=\"noopener\">Neuer Bauantrag f\u00fcr den Abstellbahnhof<\/a>: &#8222;<em>Die Projektgesellschaft Stuttgart-Ulm hat die Unterlagen zum Bau des f\u00fcr Stuttgart 21 ben\u00f6tigten Abstellbahnhofs Untert\u00fcrkheim beim Eisenbahnbundesamt eingereicht. Es ist der vierte Anlauf.&#8220;<\/em><\/p>\n","protected":false},"excerpt":{"rendered":"<p>StZN:Neuer Bauantrag f\u00fcr den Abstellbahnhof: &#8222;Die Projektgesellschaft Stuttgart-Ulm hat die Unterlagen zum Bau des f\u00fcr Stuttgart 21 ben\u00f6tigten Abstellbahnhofs Untert\u00fcrkheim beim Eisenbahnbundesamt eingereicht. Es ist der vierte Anlauf.&#8220;<\/p>\n","protected":false},"author":6,"featured_media":0,"comment_status":"closed","ping_status":"closed","sticky":false,"template":"","format":"standard","meta":{"footnotes":""},"categories":[23,13,51,25,73,34,22,53],"tags":[],"class_list":["post-31210","post","type-post","status-publish","format-standard","hentry","category-eroerterung","category-laerm","category-muenster","category-obertuerkheim","category-oekologie","category-planfeststellung","category-untertuerkheim","category-zeitplan"],"_links":{"self":[{"href":"https:\/\/netzwerke-21.de\/index.php?rest_route=\/wp\/v2\/posts\/31210","targetHints":{"allow":["GET"]}}],"collection":[{"href":"https:\/\/netzwerke-21.de\/index.php?rest_route=\/wp\/v2\/posts"}],"about":[{"href":"https:\/\/netzwerke-21.de\/index.php?rest_route=\/wp\/v2\/types\/post"}],"author":[{"embeddable":true,"href":"https:\/\/netzwerke-21.de\/index.php?rest_route=\/wp\/v2\/users\/6"}],"replies":[{"embeddable":true,"href":"https:\/\/netzwerke-21.de\/index.php?rest_route=%2Fwp%2Fv2%2Fcomments&post=31210"}],"version-history":[{"count":1,"href":"https:\/\/netzwerke-21.de\/index.php?rest_route=\/wp\/v2\/posts\/31210\/revisions"}],"predecessor-version":[{"id":31211,"href":"https:\/\/netzwerke-21.de\/index.php?rest_route=\/wp\/v2\/posts\/31210\/revisions\/31211"}],"wp:attachment":[{"href":"https:\/\/netzwerke-21.de\/index.php?rest_route=%2Fwp%2Fv2%2Fmedia&parent=31210"}],"wp:term":[{"taxonomy":"category","embeddable":true,"href":"https:\/\/netzwerke-21.de\/index.php?rest_route=%2Fwp%2Fv2%2Fcategories&post=31210"},{"taxonomy":"post_tag","embeddable":true,"href":"https:\/\/netzwerke-21.de\/index.php?rest_route=%2Fwp%2Fv2%2Ftags&post=31210"}],"curies":[{"name":"wp","href":"https:\/\/api.w.org\/{rel}","templated":true}]}}