{"id":31113,"date":"2019-04-10T21:48:32","date_gmt":"2019-04-10T19:48:32","guid":{"rendered":"http:\/\/netzwerke-21.de\/?p=31113"},"modified":"2019-09-23T22:50:38","modified_gmt":"2019-09-23T20:50:38","slug":"swr-maschine-geraet-in-stuttgart-21-tunnel-in-brand","status":"publish","type":"post","link":"https:\/\/netzwerke-21.de\/?p=31113","title":{"rendered":"Brand im Obert\u00fcrkheimer Tunnel"},"content":{"rendered":"<p><strong>SWR:<\/strong> <a title=\"\" href=\"https:\/\/www.swr.de\/swraktuell\/baden-wuerttemberg\/stuttgart\/Stuttgart-Rauch-in-Innenstadt-Brand-in-S21-Tunnel,brand-in-s21-tunnel-100.html\" target=\"_blank\" rel=\"noopener\">Maschine ger\u00e4t in Stuttgart 21-Tunnel in Brand<\/a>: &#8222;<em>Im Stuttgarter Tunnel Obert\u00fcrkheim ist am Mittwochnachmittag eine Arbeitsmaschine in Brand geraten. Der Rauch zog durch die Tunnelr\u00f6hren bis in die Stuttgarter Innenstadt. Der Brand ist mittlerweile gel\u00f6scht.&#8220;<\/em><\/p>\n<p><strong>StZN: <\/strong><a title=\"\" href=\"https:\/\/www.stuttgarter-zeitung.de\/inhalt.stuttgart-21-brand-in-tunnelroehre-fuehrt-zu-grosseinsatz-der-feuerwehr.65c94f47-02f7-4701-a8e1-5c806f7b9f0b.html\" target=\"_blank\" rel=\"noopener\">Brand in Tunnelr\u00f6hre f\u00fchrt zu Gro\u00dfeinsatz der Feuerwehr<\/a>: &#8222;<em>Eine Betonspritzmaschine ist am Mittwochnachmittag in einer Tunnelr\u00f6hre des Bahnprojekts Stuttgart 21 gebrannt. Die Feuerwehr war mit 60 Einsatzkr\u00e4ften vor Ort.&#8220;<\/em><\/p>\n<p><strong>StZN:<\/strong> <a title=\"\" href=\"https:\/\/www.stuttgarter-zeitung.de\/inhalt.feuer-in-der-s-21-baustelle-bauleiter-arbeiten-koennen-nach-maschinenbrand-weitergehen.8f6bd4c7-17d2-482d-b034-f640751867e7.html\" target=\"_blank\" rel=\"noopener\">Arbeiten k\u00f6nnen nach Maschinenbrand weitergehen<\/a>: <em>&#8222;Die Feuerwehr r\u00fcckt zu einem schwierigen Einsatz in der Tunnelbaustelle f\u00fcr das Bahnprojekt Stuttgart 21 aus. Laut dem Bauleiter hat das Feuer keinen Einfluss auf den Fortgang der Arbeiten im Untergrund.&#8220;<\/em><\/p>\n<p>Fotos vom Rauch, der aus der Rettungszufahrt im <a title=\"\" href=\"https:\/\/www.drehscheibe-online.de\/foren\/read.php?113,8902985\" target=\"_blank\" rel=\"noopener\">Forum Drehscheibe<\/a>.<\/p>\n<p><strong>SK:<\/strong> <a title=\"\" href=\"https:\/\/www.suedkurier.de\/ueberregional\/baden-wuerttemberg\/Brand-im-S21-Tunnel-Auch-die-Projektgegner-sind-hoechst-alarmiert;art417930,10114252\" target=\"_blank\" rel=\"noopener\">Brand im S21-Tunnel \u2013 Auch die Projektgegner sind h\u00f6chst alarmiert<\/a>: <em>&#8222;In einer Tunnelr\u00f6hre der Stuttgart-21-Baustelle brennt eine Maschine. Die Feuerwehr muss zum Gro\u00dfeinsatz ausr\u00fccken, Rauch alarmiert die Bev\u00f6lkerung. Projektgegner verweisen aus gegebenem Anlass auf die Brandrisiken im Tunnelsystem.&#8220;<\/em><\/p>\n<p><strong>S\u00d6SLINKEPLUS:<\/strong> <a title=\"\" href=\"https:\/\/www.parkschuetzer.de\/blog\/951\" target=\"_blank\" rel=\"noopener\">Anfrage zu Brand im S-21-Tunnel <\/a>: &#8222;<em>Neben den Fragen nach entstandenen Sch\u00e4den am Tunnelbau mit finanziellen und zeitlichen Folgen interessiert uns, welche kurz- und langfristigen Gefahren durch emittierte Giftstoffe entstehen. Ferner, ob das Tunnelbau-Unternehmen seiner &#8211; per Planfeststellungsbeschluss vorgeschriebenen &#8211; Verpflichtung nachgekommen ist, eine sogenannte &#8222;Rettungswehr&#8220; zu stellen. Wenn die Brandstelle tiefer als 200 Meter im Tunnel liegt, ist die sogenannte \u201eGrubenwehr\u201c zust\u00e4ndig, die mitsamt Ausr\u00fcstung vom Auftragnehmer f\u00fcr den Tunnelbau zu stellen ist.&#8220;<\/em><\/p>\n<p><strong>Ingnieure22:<\/strong> <a title=\"\" href=\"http:\/\/ingenieure22.de\/cms\/index.php\/kommentare\/225-2019-04-10-tunnelbrand-wangen\" target=\"_blank\" rel=\"noopener\">10.4.2019: Brand in einem Tunnel von Stuttgart 21. Eine kritische Betrachtung der Ingenieure22\u00a0<\/a><\/p>\n","protected":false},"excerpt":{"rendered":"<p>SWR: Maschine ger\u00e4t in Stuttgart 21-Tunnel in Brand: &#8222;Im Stuttgarter Tunnel Obert\u00fcrkheim ist am Mittwochnachmittag eine Arbeitsmaschine in Brand geraten. Der Rauch zog durch die Tunnelr\u00f6hren bis in die Stuttgarter Innenstadt. Der Brand ist mittlerweile gel\u00f6scht.&#8220; StZN: Brand in Tunnelr\u00f6hre &hellip; <a href=\"https:\/\/netzwerke-21.de\/?p=31113\">Weiterlesen <span class=\"meta-nav\">&rarr;<\/span><\/a><\/p>\n","protected":false},"author":6,"featured_media":0,"comment_status":"closed","ping_status":"closed","sticky":false,"template":"","format":"standard","meta":{"footnotes":""},"categories":[69,85,21,42,26,30],"tags":[],"class_list":["post-31113","post","type-post","status-publish","format-standard","hentry","category-brandschutz","category-ingenieure22","category-kernerviertel","category-luftschadstoffe-feinstaub","category-stadt-stuttgart","category-wangen"],"_links":{"self":[{"href":"https:\/\/netzwerke-21.de\/index.php?rest_route=\/wp\/v2\/posts\/31113","targetHints":{"allow":["GET"]}}],"collection":[{"href":"https:\/\/netzwerke-21.de\/index.php?rest_route=\/wp\/v2\/posts"}],"about":[{"href":"https:\/\/netzwerke-21.de\/index.php?rest_route=\/wp\/v2\/types\/post"}],"author":[{"embeddable":true,"href":"https:\/\/netzwerke-21.de\/index.php?rest_route=\/wp\/v2\/users\/6"}],"replies":[{"embeddable":true,"href":"https:\/\/netzwerke-21.de\/index.php?rest_route=%2Fwp%2Fv2%2Fcomments&post=31113"}],"version-history":[{"count":11,"href":"https:\/\/netzwerke-21.de\/index.php?rest_route=\/wp\/v2\/posts\/31113\/revisions"}],"predecessor-version":[{"id":32774,"href":"https:\/\/netzwerke-21.de\/index.php?rest_route=\/wp\/v2\/posts\/31113\/revisions\/32774"}],"wp:attachment":[{"href":"https:\/\/netzwerke-21.de\/index.php?rest_route=%2Fwp%2Fv2%2Fmedia&parent=31113"}],"wp:term":[{"taxonomy":"category","embeddable":true,"href":"https:\/\/netzwerke-21.de\/index.php?rest_route=%2Fwp%2Fv2%2Fcategories&post=31113"},{"taxonomy":"post_tag","embeddable":true,"href":"https:\/\/netzwerke-21.de\/index.php?rest_route=%2Fwp%2Fv2%2Ftags&post=31113"}],"curies":[{"name":"wp","href":"https:\/\/api.w.org\/{rel}","templated":true}]}}