{"id":30907,"date":"2019-03-14T22:57:08","date_gmt":"2019-03-14T20:57:08","guid":{"rendered":"http:\/\/netzwerke-21.de\/?p=30907"},"modified":"2019-03-14T22:57:08","modified_gmt":"2019-03-14T20:57:08","slug":"stzn-gegen-das-erdlager-und-fuer-mehr-laermschutz","status":"publish","type":"post","link":"https:\/\/netzwerke-21.de\/?p=30907","title":{"rendered":"StZN: Gegen das Erdlager und f\u00fcr mehr L\u00e4rmschutz"},"content":{"rendered":"<p><strong>StZN:<\/strong> <a title=\"\" href=\"https:\/\/www.stuttgarter-zeitung.de\/inhalt.stuttgart-21-auf-den-fildern-gegen-das-erdlager-und-fuer-mehr-laermschutz.00f5aaba-8d83-4cdf-83aa-eebed2319110.html\" target=\"_blank\" rel=\"noopener\">Gegen das Erdlager und f\u00fcr mehr L\u00e4rmschutz<\/a>: &#8222;D<em>er Protest gegen das von der Deutschen Bahn geplante Bodenlager ebbt nicht ab. Es soll auf Feldern zwischen Oberaichen und Musberg entstehen. Die Deutsche Bahn will dort im Zuge der S-21-Bauarbeiten 50\u200a000 Kubikmeter Erdaushub von der Rohrer Kurve f\u00fcr einen Zeitraum von drei bis vier Jahren zwischenlagern. Die daf\u00fcr vorgesehene Fl\u00e4che wurde aufgrund von Gegenwind aus der Bev\u00f6lkerung etwas weiter Richtung Musberg verschoben. Doch diese \u00c4nderung st\u00f6\u00dft bei den B\u00fcrgern nicht auf Gegenliebe.&#8220;<\/em><\/p>\n","protected":false},"excerpt":{"rendered":"<p>StZN: Gegen das Erdlager und f\u00fcr mehr L\u00e4rmschutz: &#8222;Der Protest gegen das von der Deutschen Bahn geplante Bodenlager ebbt nicht ab. Es soll auf Feldern zwischen Oberaichen und Musberg entstehen. Die Deutsche Bahn will dort im Zuge der S-21-Bauarbeiten 50\u200a000 &hellip; <a href=\"https:\/\/netzwerke-21.de\/?p=30907\">Weiterlesen <span class=\"meta-nav\">&rarr;<\/span><\/a><\/p>\n","protected":false},"author":6,"featured_media":0,"comment_status":"closed","ping_status":"closed","sticky":false,"template":"","format":"standard","meta":{"footnotes":""},"categories":[41,23,46,34],"tags":[],"class_list":["post-30907","post","type-post","status-publish","format-standard","hentry","category-baulogistik","category-eroerterung","category-filderbereich","category-planfeststellung"],"_links":{"self":[{"href":"https:\/\/netzwerke-21.de\/index.php?rest_route=\/wp\/v2\/posts\/30907","targetHints":{"allow":["GET"]}}],"collection":[{"href":"https:\/\/netzwerke-21.de\/index.php?rest_route=\/wp\/v2\/posts"}],"about":[{"href":"https:\/\/netzwerke-21.de\/index.php?rest_route=\/wp\/v2\/types\/post"}],"author":[{"embeddable":true,"href":"https:\/\/netzwerke-21.de\/index.php?rest_route=\/wp\/v2\/users\/6"}],"replies":[{"embeddable":true,"href":"https:\/\/netzwerke-21.de\/index.php?rest_route=%2Fwp%2Fv2%2Fcomments&post=30907"}],"version-history":[{"count":1,"href":"https:\/\/netzwerke-21.de\/index.php?rest_route=\/wp\/v2\/posts\/30907\/revisions"}],"predecessor-version":[{"id":30908,"href":"https:\/\/netzwerke-21.de\/index.php?rest_route=\/wp\/v2\/posts\/30907\/revisions\/30908"}],"wp:attachment":[{"href":"https:\/\/netzwerke-21.de\/index.php?rest_route=%2Fwp%2Fv2%2Fmedia&parent=30907"}],"wp:term":[{"taxonomy":"category","embeddable":true,"href":"https:\/\/netzwerke-21.de\/index.php?rest_route=%2Fwp%2Fv2%2Fcategories&post=30907"},{"taxonomy":"post_tag","embeddable":true,"href":"https:\/\/netzwerke-21.de\/index.php?rest_route=%2Fwp%2Fv2%2Ftags&post=30907"}],"curies":[{"name":"wp","href":"https:\/\/api.w.org\/{rel}","templated":true}]}}