{"id":30571,"date":"2019-02-25T20:13:44","date_gmt":"2019-02-25T18:13:44","guid":{"rendered":"http:\/\/netzwerke-21.de\/?p=30571"},"modified":"2019-11-06T10:06:15","modified_gmt":"2019-11-06T08:06:15","slug":"risse-an-gebaeudeanbau-durch-tunnelvortrieb-im-kernerviertel","status":"publish","type":"post","link":"https:\/\/netzwerke-21.de\/?p=30571","title":{"rendered":"Risse bei Wohnhaus im Kernerviertel durch Tunnelvortrieb"},"content":{"rendered":"<p>Die Mess-Trupps, die am Wochenende im Kernerviertel rund um den Sch\u00fctzenplatz unterwegs waren, deuteten bereits daraufhin. Beim Tunnelbau unter dem Kernerviertel sind bei einem Wohngeb\u00e4ude in der Kernerstra\u00dfe deutlich sichtbare Risse aufgetreten.<\/p>\n<p><img loading=\"lazy\" decoding=\"async\" class=\"thumbnail\" src=\"http:\/\/netzwerke-21.de\/wordpress\/wp-content\/uploads\/20190225-Riss-b-Kernerstr.jpg\" alt=\"\" width=\"377\" height=\"502\" \/><img loading=\"lazy\" decoding=\"async\" class=\"thumbnail\" src=\"http:\/\/netzwerke-21.de\/wordpress\/wp-content\/uploads\/20190225-Riss-Kernerstr.jpg\" alt=\"\" width=\"377\" height=\"283\" \/><\/p>\n<p>Das Netzwerk Kernerviertel wurde heute von dem f\u00fcr diesen Bauabschnitt zust\u00e4ndigen Projektingenieur \u00fcber folgende Punkte informiert:<\/p>\n<ul>\n<li>Ausl\u00f6ser f\u00fcr die Rissbildung sind die Tunnelaktivit\u00e4ten. Zwar sei das Geb\u00e4ude noch nicht unterfahren, da der Vortrieb aktuell noch zwei H\u00e4user entfernt unter der Kernerstra\u00dfe 34 steht. Doch \u00fcblicherweise ist bereits ca. 20 bis 30 Meter weiter mit einem Einflu\u00dfbereich des Tunnelvortriebs zu rechnen.<\/li>\n<li>Ursache f\u00fcr die aufgetretene Rissbildung sei, dass der betroffene Geb\u00e4udeteil als Nachkriegsanbau anders als das Haupthaus gegr\u00fcndet ist.<\/li>\n<li>Morgen sind Abst\u00fctzungsma\u00dfnahmen geplant, d.h. der von den Rissen betroffene Geb\u00e4udeanbau wird mit einer Holzkonstruktion versehen. Die Bahn will hier kein Risiko eingehen, da man kurzfristig nicht die Statik, d.h. das Aufliegen der Zwischendecken auf den W\u00e4nden, untersuchen k\u00f6nne. Dies sei eine reine Sicherungsma\u00dfnahme; eine Gefahr f\u00fcr den Geb\u00e4udeteil sei nicht gegeben.<\/li>\n<li>Dies sei auch bisher das einzige von Rissbildung betroffene Wohnhaus. An den benachbarten Geb\u00e4uden, die als Jahrhundertwendebauten tiefer gegr\u00fcndet sind, w\u00e4ren keine Risse aufgetreten. Auch nicht an den historischen H\u00e4usern der Sch\u00fctzenstra\u00dfe 8-14, die jetzt im Vorfeld des Tunnelvortriebs mit Hebungsinjektionen um insgesamt 25 mm angehoben wurden.<\/li>\n<\/ul>\n<p>Die Schadensregulierung l\u00e4uft \u00fcblicherweise bei Stuttgart 21 nicht \u00fcber die Projektgesellschaft, sondern \u00fcber die beauftragte Versicherung. Nach R\u00fcckmeldungen aus den Netzwerken Wangen, Untert\u00fcrkheim und Killesberg sehen die Gutachter der Versicherung bei Rissbildungen in der Regel keine Ursache durch den Tunnelvortrieb. Dies d\u00fcrfte jedoch in diesem Fall wegen des zeitlich unmittelbaren Zusammenhangs und der kurzfristig erforderlichen Sicherungsma\u00dfnahmen so eindeutig sein, dass die Hausbesitzerin aus der Kernerstra\u00dfe hoffentlich nicht mit der Versicherung der Bahn um die Schadensregulierung und den Entsch\u00e4digungsbetrag streiten muss.<\/p>\n<p>Anders ergeht es einer Nachbarin, deren Wohnung nicht weit entfernt an der gegen\u00fcberliegenden Seite des Sch\u00fctzenplatzes in einem denkmalgesch\u00fctzen Jahrhundertwendebau liegt und die dem Netzwerk Kernerviertel aktuell r\u00fcckmeldete: <em>&#8222;Bei mir haben sich Risse in allen Zimmerecken vertieft. Ich habe sie schon vor einem halben Jahr fotografiert und an die Beschwerdestelle bei der Bahn gesandt. Die hat sie weitergeleitet an die Versicherung und die Versicherung teilte mir mit: \u201eEin Zusammenhang zwischen der Baumassnahme und den von Ihnen reklamierten Sch\u00e4den ist nicht plausibel. Daher weisen wir etwaige Schadenersatzforderungen Ihrerseits im Namen unserer Versicherungsnehmerin zur\u00fcck.\u201c<\/em><\/p>\n<p><strong>Update 26.02.2019:<\/strong> <a title=\"\" href=\"http:\/\/netzwerke-21.de\/?p=30616\" target=\"_blank\" rel=\"noopener\">StZ: Risse in Hausfassade \u00fcber S-21-Tunnel entdeckt<\/a><\/p>\n","protected":false},"excerpt":{"rendered":"<p>Die Mess-Trupps, die am Wochenende im Kernerviertel rund um den Sch\u00fctzenplatz unterwegs waren, deuteten bereits daraufhin. Beim Tunnelbau unter dem Kernerviertel sind bei einem Wohngeb\u00e4ude in der Kernerstra\u00dfe deutlich sichtbare Risse aufgetreten. Das Netzwerk Kernerviertel wurde heute von dem f\u00fcr &hellip; <a href=\"https:\/\/netzwerke-21.de\/?p=30571\">Weiterlesen <span class=\"meta-nav\">&rarr;<\/span><\/a><\/p>\n","protected":false},"author":6,"featured_media":0,"comment_status":"closed","ping_status":"closed","sticky":false,"template":"","format":"standard","meta":{"footnotes":""},"categories":[8,9,16,72,21],"tags":[],"class_list":["post-30571","post","type-post","status-publish","format-standard","hentry","category-bauarbeiten","category-bauschaeden","category-haftung-im-schadensfall","category-hebungsinjektionen","category-kernerviertel"],"_links":{"self":[{"href":"https:\/\/netzwerke-21.de\/index.php?rest_route=\/wp\/v2\/posts\/30571","targetHints":{"allow":["GET"]}}],"collection":[{"href":"https:\/\/netzwerke-21.de\/index.php?rest_route=\/wp\/v2\/posts"}],"about":[{"href":"https:\/\/netzwerke-21.de\/index.php?rest_route=\/wp\/v2\/types\/post"}],"author":[{"embeddable":true,"href":"https:\/\/netzwerke-21.de\/index.php?rest_route=\/wp\/v2\/users\/6"}],"replies":[{"embeddable":true,"href":"https:\/\/netzwerke-21.de\/index.php?rest_route=%2Fwp%2Fv2%2Fcomments&post=30571"}],"version-history":[{"count":37,"href":"https:\/\/netzwerke-21.de\/index.php?rest_route=\/wp\/v2\/posts\/30571\/revisions"}],"predecessor-version":[{"id":32977,"href":"https:\/\/netzwerke-21.de\/index.php?rest_route=\/wp\/v2\/posts\/30571\/revisions\/32977"}],"wp:attachment":[{"href":"https:\/\/netzwerke-21.de\/index.php?rest_route=%2Fwp%2Fv2%2Fmedia&parent=30571"}],"wp:term":[{"taxonomy":"category","embeddable":true,"href":"https:\/\/netzwerke-21.de\/index.php?rest_route=%2Fwp%2Fv2%2Fcategories&post=30571"},{"taxonomy":"post_tag","embeddable":true,"href":"https:\/\/netzwerke-21.de\/index.php?rest_route=%2Fwp%2Fv2%2Ftags&post=30571"}],"curies":[{"name":"wp","href":"https:\/\/api.w.org\/{rel}","templated":true}]}}