{"id":30250,"date":"2019-01-08T22:35:03","date_gmt":"2019-01-08T20:35:03","guid":{"rendered":"http:\/\/netzwerke-21.de\/?p=30250"},"modified":"2019-01-09T19:38:11","modified_gmt":"2019-01-09T17:38:11","slug":"stz-zweifel-an-umstiegsmoeglichkeiten-am-flughafen","status":"publish","type":"post","link":"https:\/\/netzwerke-21.de\/?p=30250","title":{"rendered":"StZ: Zweifel an Umstiegsm\u00f6glichkeiten am Flughafen  \/ Regionalpr\u00e4sident kritisiert Gastel"},"content":{"rendered":"<p><strong>StZ:<\/strong><a title=\"\" href=\"https:\/\/www.stuttgarter-zeitung.de\/inhalt.stuttgart-21-am-airport-zweifel-an-umstiegsmoeglichkeiten-am-flughafen.06f1eecd-e396-4517-831b-9177e466dce3.html\" target=\"_blank\" rel=\"noopener\">Zweifel an Umstiegsm\u00f6glichkeiten am Flughafen<\/a>: &#8222;<em>Der gr\u00fcne Bahnpolitiker Matthias Gastel kritisiert die langen Umsteigezeiten, die am Flughafen Stuttgart nach Inbetriebnahme von Stuttgart\u200921 geplant seien. Immerhin sollen laut einem Fahrplanentwurf dort deutlich mehr Fernz\u00fcge halten als zuletzt bef\u00fcrchtet.&#8220;<\/em><\/p>\n<p><em>Update: 9.1<\/em>.: <strong>StZ:<\/strong> <a title=\"\" href=\"https:\/\/www.stuttgarter-zeitung.de\/inhalt.stuttgart-21-am-flughafen-regionalpraesident-kritisiert-gastel.cf86f30c-d95e-42b0-9cbc-98d999fa8a23.html\" target=\"_blank\" rel=\"noopener\">Regionalpr\u00e4sident kritisiert Gastel<\/a>: <em>&#8222;In der Diskussion um die Erschlie\u00dfung des Stuttgarter Flughafens auf der Schiene kontert Regionalpr\u00e4sident Thomas Bopp (CDU) die Kritik des gr\u00fcnen Bahnpolitikers Matthias Gastel mit deutlichen Worten.&#8220;<\/em><\/p>\n","protected":false},"excerpt":{"rendered":"<p>StZ:Zweifel an Umstiegsm\u00f6glichkeiten am Flughafen: &#8222;Der gr\u00fcne Bahnpolitiker Matthias Gastel kritisiert die langen Umsteigezeiten, die am Flughafen Stuttgart nach Inbetriebnahme von Stuttgart\u200921 geplant seien. Immerhin sollen laut einem Fahrplanentwurf dort deutlich mehr Fernz\u00fcge halten als zuletzt bef\u00fcrchtet.&#8220; Update: 9.1.: StZ: &hellip; <a href=\"https:\/\/netzwerke-21.de\/?p=30250\">Weiterlesen <span class=\"meta-nav\">&rarr;<\/span><\/a><\/p>\n","protected":false},"author":6,"featured_media":0,"comment_status":"closed","ping_status":"closed","sticky":false,"template":"","format":"standard","meta":{"footnotes":""},"categories":[40,46,50,63],"tags":[],"class_list":["post-30250","post","type-post","status-publish","format-standard","hentry","category-bund","category-filderbereich","category-fusswege","category-leistungsfaehigkeit"],"_links":{"self":[{"href":"https:\/\/netzwerke-21.de\/index.php?rest_route=\/wp\/v2\/posts\/30250","targetHints":{"allow":["GET"]}}],"collection":[{"href":"https:\/\/netzwerke-21.de\/index.php?rest_route=\/wp\/v2\/posts"}],"about":[{"href":"https:\/\/netzwerke-21.de\/index.php?rest_route=\/wp\/v2\/types\/post"}],"author":[{"embeddable":true,"href":"https:\/\/netzwerke-21.de\/index.php?rest_route=\/wp\/v2\/users\/6"}],"replies":[{"embeddable":true,"href":"https:\/\/netzwerke-21.de\/index.php?rest_route=%2Fwp%2Fv2%2Fcomments&post=30250"}],"version-history":[{"count":3,"href":"https:\/\/netzwerke-21.de\/index.php?rest_route=\/wp\/v2\/posts\/30250\/revisions"}],"predecessor-version":[{"id":30260,"href":"https:\/\/netzwerke-21.de\/index.php?rest_route=\/wp\/v2\/posts\/30250\/revisions\/30260"}],"wp:attachment":[{"href":"https:\/\/netzwerke-21.de\/index.php?rest_route=%2Fwp%2Fv2%2Fmedia&parent=30250"}],"wp:term":[{"taxonomy":"category","embeddable":true,"href":"https:\/\/netzwerke-21.de\/index.php?rest_route=%2Fwp%2Fv2%2Fcategories&post=30250"},{"taxonomy":"post_tag","embeddable":true,"href":"https:\/\/netzwerke-21.de\/index.php?rest_route=%2Fwp%2Fv2%2Ftags&post=30250"}],"curies":[{"name":"wp","href":"https:\/\/api.w.org\/{rel}","templated":true}]}}