{"id":30157,"date":"2018-12-21T22:37:13","date_gmt":"2018-12-21T20:37:13","guid":{"rendered":"http:\/\/netzwerke-21.de\/?p=30157"},"modified":"2018-12-30T00:02:33","modified_gmt":"2018-12-29T22:02:33","slug":"stzn-bahnkritiker-erwartet-weitere-kostensteigerungen","status":"publish","type":"post","link":"https:\/\/netzwerke-21.de\/?p=30157","title":{"rendered":"StZN: Bahnkritiker erwartet weitere Kostensteigerungen \/ SWR: Bahnexperte Gastel: S21 kostet zehn Milliarden"},"content":{"rendered":"<p><strong>StZN:<\/strong> <a title=\"\" href=\"https:\/\/www.stuttgarter-nachrichten.de\/inhalt.stuttgart-21-bahnkritiker-erwartet-weitere-kostensteigerungen.099aaa98-a06a-4bd6-a8ba-11bfb3fce27d.html\" target=\"_blank\" rel=\"noopener\">Bahnkritiker erwartet weitere Kostensteigerungen<\/a>: &#8222;<em>Im Januar 2018 billigt der Bahn-Aufsichtsrat die Kostenexplosion bei Stuttgart 21 auf 8,2 Milliarden Euro. Und das Projekt soll nun erst Ende 2025 fertig werden. Der Gr\u00fcnen-Politiker Matthias Gastel f\u00e4hrt oft Bahn und blickt ein Jahr sp\u00e4ter kritisch auf den Beschluss.&#8220;<\/em><\/p>\n<p><strong>SWR: <\/strong><a title=\"\" href=\"https:\/\/www.swp.de\/suedwesten\/staedte\/stuttgart\/bahnexperte-gastel_-s21-kosten-zehn-milliarden-28806448.html\" target=\"_blank\" rel=\"noopener\"><span class=\"headline\">Bahnexperte Gastel: S21 kostet zehn Milliarden<\/span><\/a>: &#8222;<em>Aktuell werden laut Gastel weitere Kostensteigerungen f\u00fcr das Mammutprojekt fest unter Verschluss gehalten. \u201eIntern wird bei der Bahn bereits mit Gesamtkosten von \u00fcber 10\u2005Milliarden Euro gerechten\u201c, will Gastel aus gut unterrichteten Kreisen erfahren haben. Die Zahl sei dem Bahnvorstand bekannt, als Hauptgrund w\u00fcrden allgemeine Steigerungen der Baukosten ins Feld gef\u00fchrt. In einem offenen Brief an Konzernchef Richard Lutz, der unserer Redaktion vorliegt, fordert Gastel, \u201edass Politik und \u00d6ffentlichkeit stets umgehend \u00fcber neue Erkenntnisse informiert werden\u201c.\u00a0<\/em><\/p>\n<p><strong>MdB Matthias Gastel<\/strong><em>:<\/em><a title=\"\" href=\"http:\/\/www.matthias-gastel.de\/brief-an-den-db-chef\/#.XCfuMM0xnIU\" target=\"_blank\" rel=\"noopener\"> Brief an den DB-Chef. Umgang mit den Wahrheiten rund um Stuttgart 21<\/a><\/p>\n","protected":false},"excerpt":{"rendered":"<p>StZN: Bahnkritiker erwartet weitere Kostensteigerungen: &#8222;Im Januar 2018 billigt der Bahn-Aufsichtsrat die Kostenexplosion bei Stuttgart 21 auf 8,2 Milliarden Euro. Und das Projekt soll nun erst Ende 2025 fertig werden. Der Gr\u00fcnen-Politiker Matthias Gastel f\u00e4hrt oft Bahn und blickt ein &hellip; <a href=\"https:\/\/netzwerke-21.de\/?p=30157\">Weiterlesen <span class=\"meta-nav\">&rarr;<\/span><\/a><\/p>\n","protected":false},"author":6,"featured_media":0,"comment_status":"closed","ping_status":"closed","sticky":false,"template":"","format":"standard","meta":{"footnotes":""},"categories":[40,46,59,80,53],"tags":[],"class_list":["post-30157","post","type-post","status-publish","format-standard","hentry","category-bund","category-filderbereich","category-kosten","category-s-bahn","category-zeitplan"],"_links":{"self":[{"href":"https:\/\/netzwerke-21.de\/index.php?rest_route=\/wp\/v2\/posts\/30157","targetHints":{"allow":["GET"]}}],"collection":[{"href":"https:\/\/netzwerke-21.de\/index.php?rest_route=\/wp\/v2\/posts"}],"about":[{"href":"https:\/\/netzwerke-21.de\/index.php?rest_route=\/wp\/v2\/types\/post"}],"author":[{"embeddable":true,"href":"https:\/\/netzwerke-21.de\/index.php?rest_route=\/wp\/v2\/users\/6"}],"replies":[{"embeddable":true,"href":"https:\/\/netzwerke-21.de\/index.php?rest_route=%2Fwp%2Fv2%2Fcomments&post=30157"}],"version-history":[{"count":5,"href":"https:\/\/netzwerke-21.de\/index.php?rest_route=\/wp\/v2\/posts\/30157\/revisions"}],"predecessor-version":[{"id":30168,"href":"https:\/\/netzwerke-21.de\/index.php?rest_route=\/wp\/v2\/posts\/30157\/revisions\/30168"}],"wp:attachment":[{"href":"https:\/\/netzwerke-21.de\/index.php?rest_route=%2Fwp%2Fv2%2Fmedia&parent=30157"}],"wp:term":[{"taxonomy":"category","embeddable":true,"href":"https:\/\/netzwerke-21.de\/index.php?rest_route=%2Fwp%2Fv2%2Fcategories&post=30157"},{"taxonomy":"post_tag","embeddable":true,"href":"https:\/\/netzwerke-21.de\/index.php?rest_route=%2Fwp%2Fv2%2Ftags&post=30157"}],"curies":[{"name":"wp","href":"https:\/\/api.w.org\/{rel}","templated":true}]}}