{"id":30133,"date":"2018-12-19T22:58:41","date_gmt":"2018-12-19T20:58:41","guid":{"rendered":"http:\/\/netzwerke-21.de\/?p=30133"},"modified":"2018-12-21T23:35:00","modified_gmt":"2018-12-21T21:35:00","slug":"bahn-stellt-plaene-fuer-den-bau-der-flughafenanbindung-vor","status":"publish","type":"post","link":"https:\/\/netzwerke-21.de\/?p=30133","title":{"rendered":"Bahn stellt Bauplanung f\u00fcr die Flughafenanbindung vor. Emp\u00f6rte Regionalr\u00e4te und SSB als Ausputzer"},"content":{"rendered":"<p><strong>StZN:<\/strong><a title=\"\" href=\"https:\/\/www.stuttgarter-zeitung.de\/inhalt.s-bahn-unterbrechung-flughafen-helle-empoerung-bei-regionalraeten.f7990fe6-fec2-40a8-888b-56ef8e4fae06.html\" target=\"_blank\" rel=\"noopener\">\u201eHelle Emp\u00f6rung\u201c bei Regionalr\u00e4ten<\/a>: &#8222;<em>In einer nicht\u00f6ffentlichen Sitzung des regionalen Verkehrsausschusses informierte die Bahn \u00fcber ihre Pl\u00e4ne am Flughafen. Eine Unterbrechung des S-Bahnverkehrs lehnen die Regionalr\u00e4te ab. Und auch sonst bekam die Bahn einiges zu h\u00f6ren.&#8220;<\/em><\/p>\n<p><strong>StZ:<\/strong> <a title=\"\" href=\"https:\/\/www.stuttgarter-zeitung.de\/inhalt.stuttgart-21-stadtbahn-soll-s-bahn-ausfall-kompensieren.a2e0856d-937a-465d-afcb-50e2804dd1b5.html\" target=\"_blank\" rel=\"noopener\">Stadtbahn soll S-Bahn-Ausfall kompensieren:\u00a0<\/a><em>&#8222;Ein Gutachten der Uni Stuttgart sieht erweiterte Stadtbahn-Linien w\u00e4hrend des Baus der neuen S-Bahn-Station als bessere L\u00f6sung im Vergleich zu dem vom Land pr\u00e4ferierten \u00dcbergangshalt auf freier Strecke beim Flughafen.&#8220;<\/em><\/p>\n<p><strong>StN:<\/strong><a title=\"\" href=\"https:\/\/www.stuttgarter-nachrichten.de\/inhalt.stuttgart-21-bahn-will-am-flughafen-rund-um-die-uhr-bauen.295dcd16-6faf-4367-8118-1d2ac73a4e9e.html\" target=\"_blank\" rel=\"noopener\"> SSB sieht Probleme in der Rolle als Ausputzer bei S 21<\/a>: &#8222;<em>Die Stadtbahnlinien U\u20096 und eine v\u00f6llig neue U\u200917 sollen den Ausputzer geben, wenn die S-Bahn vom Flughafen abgekoppelt wird. Der G\u00e4ubahn-Anschluss wird nicht vor 2027 fertig.&#8220;<\/em><\/p>\n<p><strong>Schw\u00e4bische:<\/strong> <a title=\"\" href=\"https:\/\/www.schwaebische.de\/sueden\/baden-wuerttemberg_artikel,-s-bahn-f%C3%A4hrt-ein-jahr-nicht-zum-stuttgarter-flughafen-_arid,10982303.html\" target=\"_blank\" rel=\"noopener\">S-Bahn f\u00e4hrt ein Jahr nicht zum Stuttgarter Flughafen<\/a>: &#8222;<em>Die Bahn muss ihre Pl\u00e4ne erneut \u00f6ffentlich auslegen, B\u00fcrger und Verb\u00e4nde k\u00f6nnen Einw\u00e4nde erheben. Vor den Sommerferien will die Bahn so weit sein, diese in einem so genanten Er\u00f6rterungstermin zu besprechen. Danach bekommt das Eisenbahnbundesamt alle Unterlagen und Einw\u00e4nde.&#8220;<\/em><\/p>\n<p><strong>Update 21.12.2018:<\/strong> <a title=\"\" href=\"https:\/\/www.region-stuttgart.org\/presse\/artikel\/aktuell\/verband-region-stuttgart-fordert-interimshalt-fuer-s-bahn-am-flughafen\/\" target=\"_blank\" rel=\"noopener\">Pressemeldung Verband Region Stuttgart fordert Interimshalt f\u00fcr S-Bahn am Flughafen<\/a><\/p>\n<p style=\"text-align: left;\"><strong>StN:<\/strong> <a title=\"\" href=\"https:\/\/www.stuttgarter-nachrichten.de\/inhalt.filder-verstaerkt-s-bahn-sperrung-verkehrschaos.0295716c-6317-416e-a709-4f59a3caabd7.html\" target=\"_blank\" rel=\"noopener\">Verst\u00e4rkt S-Bahn-Sperrung Verkehrschaos?<\/a>: &#8222;<em>Durch die Bauarbeiten am S-Bahnhof Flughafen wird es einen Busshuttle geben. In Filderstadt und Leinfelden-Echterdingen drohen dadurch Staus und Versp\u00e4tungen im Fahrplan. Die Rathausspitzen bef\u00fcrchten eine \u00dcberlastung der Bus-Bahnh\u00f6fe.&#8220;<\/em><\/p>\n","protected":false},"excerpt":{"rendered":"<p>StZN:\u201eHelle Emp\u00f6rung\u201c bei Regionalr\u00e4ten: &#8222;In einer nicht\u00f6ffentlichen Sitzung des regionalen Verkehrsausschusses informierte die Bahn \u00fcber ihre Pl\u00e4ne am Flughafen. Eine Unterbrechung des S-Bahnverkehrs lehnen die Regionalr\u00e4te ab. Und auch sonst bekam die Bahn einiges zu h\u00f6ren.&#8220; StZ: Stadtbahn soll S-Bahn-Ausfall &hellip; <a href=\"https:\/\/netzwerke-21.de\/?p=30133\">Weiterlesen <span class=\"meta-nav\">&rarr;<\/span><\/a><\/p>\n","protected":false},"author":6,"featured_media":0,"comment_status":"closed","ping_status":"closed","sticky":false,"template":"","format":"standard","meta":{"footnotes":""},"categories":[31,45,46,59,39,80,11,53],"tags":[],"class_list":["post-30133","post","type-post","status-publish","format-standard","hentry","category-eisenbahn-bundesamt","category-fasanenhof","category-filderbereich","category-kosten","category-land-bw","category-s-bahn","category-ssb","category-zeitplan"],"_links":{"self":[{"href":"https:\/\/netzwerke-21.de\/index.php?rest_route=\/wp\/v2\/posts\/30133","targetHints":{"allow":["GET"]}}],"collection":[{"href":"https:\/\/netzwerke-21.de\/index.php?rest_route=\/wp\/v2\/posts"}],"about":[{"href":"https:\/\/netzwerke-21.de\/index.php?rest_route=\/wp\/v2\/types\/post"}],"author":[{"embeddable":true,"href":"https:\/\/netzwerke-21.de\/index.php?rest_route=\/wp\/v2\/users\/6"}],"replies":[{"embeddable":true,"href":"https:\/\/netzwerke-21.de\/index.php?rest_route=%2Fwp%2Fv2%2Fcomments&post=30133"}],"version-history":[{"count":11,"href":"https:\/\/netzwerke-21.de\/index.php?rest_route=\/wp\/v2\/posts\/30133\/revisions"}],"predecessor-version":[{"id":30162,"href":"https:\/\/netzwerke-21.de\/index.php?rest_route=\/wp\/v2\/posts\/30133\/revisions\/30162"}],"wp:attachment":[{"href":"https:\/\/netzwerke-21.de\/index.php?rest_route=%2Fwp%2Fv2%2Fmedia&parent=30133"}],"wp:term":[{"taxonomy":"category","embeddable":true,"href":"https:\/\/netzwerke-21.de\/index.php?rest_route=%2Fwp%2Fv2%2Fcategories&post=30133"},{"taxonomy":"post_tag","embeddable":true,"href":"https:\/\/netzwerke-21.de\/index.php?rest_route=%2Fwp%2Fv2%2Ftags&post=30133"}],"curies":[{"name":"wp","href":"https:\/\/api.w.org\/{rel}","templated":true}]}}