{"id":30089,"date":"2018-12-17T22:57:06","date_gmt":"2018-12-17T20:57:06","guid":{"rendered":"http:\/\/netzwerke-21.de\/?p=30089"},"modified":"2018-12-17T22:59:37","modified_gmt":"2018-12-17T20:59:37","slug":"rede-von-hans-heydemann-ingenieure22-auf-der-446-montagsdemo-zum-brandschutz-flughafen-bahnhof-vor-dem-vgh","status":"publish","type":"post","link":"https:\/\/netzwerke-21.de\/?p=30089","title":{"rendered":"Rede von Hans Heydemann, Ingenieure22, auf der 446. Montagsdemo zum Brandschutz Flughafen-Bahnhof"},"content":{"rendered":"<p><strong>Rede von Dipl.-Ing. Hans Heydemann, Ingenieure22, auf der 446. Montagsdemo:<\/strong> <a title=\"Schaeferweltweit\" href=\"https:\/\/schaeferweltweit.de\/file\/stuttgart21\/mode_archiv\/mode_0446_18-12-17_rede-von-hans-heydemann.pdf\" target=\"_blank\" rel=\"noopener\">Stuttgart 21: Brandschutz Flughafen-Bahnhof vor dem VGH<\/a>: &#8222;<em>Am 20. November 2018 wurde die Klage der Schutzgemeinschaft Filder gegen den Filderabschnitt PFA 1.3A vor dem Verwaltungsgerichtshof Mannheim verhandelt [&#8230;] Der Brandschutz spielte dabei eine bedeutsame Rolle; der war dem Vorsitzenden Richter so wichtig, dass er diesen Tagesordnungspunkt vorzog und nahezu zwei Stunden darauf verwendete. Er hatte sich sehr gr\u00fcndlich mit meinen Einwendungen auseinandergesetzt und handelte diese Punkt f\u00fcr Punkt ausf\u00fchrlich ab. Das war bemerkenswert. Bei etlichen Fragen sah die Bahn mit ihren verlegenen Antworten gar nicht gut aus.&#8220;<\/em><\/p>\n","protected":false},"excerpt":{"rendered":"<p>Rede von Dipl.-Ing. Hans Heydemann, Ingenieure22, auf der 446. Montagsdemo: Stuttgart 21: Brandschutz Flughafen-Bahnhof vor dem VGH: &#8222;Am 20. November 2018 wurde die Klage der Schutzgemeinschaft Filder gegen den Filderabschnitt PFA 1.3A vor dem Verwaltungsgerichtshof Mannheim verhandelt [&#8230;] Der Brandschutz &hellip; <a href=\"https:\/\/netzwerke-21.de\/?p=30089\">Weiterlesen <span class=\"meta-nav\">&rarr;<\/span><\/a><\/p>\n","protected":false},"author":6,"featured_media":0,"comment_status":"closed","ping_status":"closed","sticky":false,"template":"","format":"standard","meta":{"footnotes":""},"categories":[69,31,46,85,62,34],"tags":[],"class_list":["post-30089","post","type-post","status-publish","format-standard","hentry","category-brandschutz","category-eisenbahn-bundesamt","category-filderbereich","category-ingenieure22","category-klageverfahren","category-planfeststellung"],"_links":{"self":[{"href":"https:\/\/netzwerke-21.de\/index.php?rest_route=\/wp\/v2\/posts\/30089","targetHints":{"allow":["GET"]}}],"collection":[{"href":"https:\/\/netzwerke-21.de\/index.php?rest_route=\/wp\/v2\/posts"}],"about":[{"href":"https:\/\/netzwerke-21.de\/index.php?rest_route=\/wp\/v2\/types\/post"}],"author":[{"embeddable":true,"href":"https:\/\/netzwerke-21.de\/index.php?rest_route=\/wp\/v2\/users\/6"}],"replies":[{"embeddable":true,"href":"https:\/\/netzwerke-21.de\/index.php?rest_route=%2Fwp%2Fv2%2Fcomments&post=30089"}],"version-history":[{"count":4,"href":"https:\/\/netzwerke-21.de\/index.php?rest_route=\/wp\/v2\/posts\/30089\/revisions"}],"predecessor-version":[{"id":30093,"href":"https:\/\/netzwerke-21.de\/index.php?rest_route=\/wp\/v2\/posts\/30089\/revisions\/30093"}],"wp:attachment":[{"href":"https:\/\/netzwerke-21.de\/index.php?rest_route=%2Fwp%2Fv2%2Fmedia&parent=30089"}],"wp:term":[{"taxonomy":"category","embeddable":true,"href":"https:\/\/netzwerke-21.de\/index.php?rest_route=%2Fwp%2Fv2%2Fcategories&post=30089"},{"taxonomy":"post_tag","embeddable":true,"href":"https:\/\/netzwerke-21.de\/index.php?rest_route=%2Fwp%2Fv2%2Ftags&post=30089"}],"curies":[{"name":"wp","href":"https:\/\/api.w.org\/{rel}","templated":true}]}}