{"id":30084,"date":"2018-12-17T22:03:32","date_gmt":"2018-12-17T20:03:32","guid":{"rendered":"http:\/\/netzwerke-21.de\/?p=30084"},"modified":"2018-12-17T22:09:57","modified_gmt":"2018-12-17T20:09:57","slug":"stz-25-millionen-fahrgaeste-muessen-umsteigen-hiobsbotschaft-fuer-den-flughafen","status":"publish","type":"post","link":"https:\/\/netzwerke-21.de\/?p=30084","title":{"rendered":"StZ: Ein Jahr lang keine S-Bahn zum Airport \/ 2,5 Millionen Fahrg\u00e4ste m\u00fcssen umsteigen \/ Hiobsbotschaft f\u00fcr den Flughafen"},"content":{"rendered":"<p><strong>StZ:<\/strong> <a title=\"\" href=\"https:\/\/www.stuttgarter-zeitung.de\/inhalt.stuttgart-21-ein-jahr-lang-keine-s-bahn-zum-airport.7d65b9d2-925e-4aca-b2ab-7ea2c29db98e.html\" target=\"_blank\" rel=\"noopener\">Ein Jahr lang keine S-Bahn zum Airport<\/a>: &#8222;<em>Wegen der Bauarbeiten f\u00fcr Stuttgart\u200921 auf den Fildern soll die Strecke zwischen Echterdingen und dem Flughafen f\u00fcr zw\u00f6lf Monate gesperrt werden. Der Abschnitt auf den Fildern bleibt f\u00fcr das Milliardenvorhaben die Achillesferse.&#8220;<\/em><\/p>\n<p><strong>StZ:<\/strong><a title=\"\" href=\"https:\/\/www.stuttgarter-zeitung.de\/inhalt.s-bahnsperrung-bei-stuttgart-21-2-5-millionen-fahrgaeste-muessen-umsteigen.1404b0a1-7190-49dc-b557-6eed7921f2ab.html\" target=\"_blank\" rel=\"noopener\"> 2,5 Millionen Fahrg\u00e4ste m\u00fcssen umsteigen<\/a>: &#8222;<em>Jeder f\u00fcnfte Fluggast nutzt die S-Bahn zur An- und Abreise. Sie und auch die zahlreichen Besucher der Landesmesse w\u00e4ren wegen der Stuttgart-21-bedingten S-Bahn-Sperrung zu Umwegen gezwungen.&#8220;<\/em><\/p>\n<p><strong>StZ:<\/strong> <a title=\"\" href=\"https:\/\/www.stuttgarter-zeitung.de\/inhalt.s-bahn-sperrung-wegen-stuttgart-21-hiobsbotschaft-fuer-den-flughafen.675f35ee-6da5-4921-b692-6158dd9f233b.html\" target=\"_blank\" rel=\"noopener\">Hiobsbotschaft f\u00fcr den Flughafen<\/a>: <em>&#8222;Die vor\u00fcbergehende Sperrung der S-Bahn zum Flughafen wegen Stuttgart\u200921 ist ein Tiefschlag. Nun muss die Bahn zeigen, dass alternative Bauarten die Betroffenheit nicht minimieren, kommentiert Autor Christian Milankovic.&#8220;<\/em><\/p>\n","protected":false},"excerpt":{"rendered":"<p>StZ: Ein Jahr lang keine S-Bahn zum Airport: &#8222;Wegen der Bauarbeiten f\u00fcr Stuttgart\u200921 auf den Fildern soll die Strecke zwischen Echterdingen und dem Flughafen f\u00fcr zw\u00f6lf Monate gesperrt werden. Der Abschnitt auf den Fildern bleibt f\u00fcr das Milliardenvorhaben die Achillesferse.&#8220; &hellip; <a href=\"https:\/\/netzwerke-21.de\/?p=30084\">Weiterlesen <span class=\"meta-nav\">&rarr;<\/span><\/a><\/p>\n","protected":false},"author":6,"featured_media":0,"comment_status":"closed","ping_status":"closed","sticky":false,"template":"","format":"standard","meta":{"footnotes":""},"categories":[46,63,34,80,53],"tags":[],"class_list":["post-30084","post","type-post","status-publish","format-standard","hentry","category-filderbereich","category-leistungsfaehigkeit","category-planfeststellung","category-s-bahn","category-zeitplan"],"_links":{"self":[{"href":"https:\/\/netzwerke-21.de\/index.php?rest_route=\/wp\/v2\/posts\/30084","targetHints":{"allow":["GET"]}}],"collection":[{"href":"https:\/\/netzwerke-21.de\/index.php?rest_route=\/wp\/v2\/posts"}],"about":[{"href":"https:\/\/netzwerke-21.de\/index.php?rest_route=\/wp\/v2\/types\/post"}],"author":[{"embeddable":true,"href":"https:\/\/netzwerke-21.de\/index.php?rest_route=\/wp\/v2\/users\/6"}],"replies":[{"embeddable":true,"href":"https:\/\/netzwerke-21.de\/index.php?rest_route=%2Fwp%2Fv2%2Fcomments&post=30084"}],"version-history":[{"count":3,"href":"https:\/\/netzwerke-21.de\/index.php?rest_route=\/wp\/v2\/posts\/30084\/revisions"}],"predecessor-version":[{"id":30088,"href":"https:\/\/netzwerke-21.de\/index.php?rest_route=\/wp\/v2\/posts\/30084\/revisions\/30088"}],"wp:attachment":[{"href":"https:\/\/netzwerke-21.de\/index.php?rest_route=%2Fwp%2Fv2%2Fmedia&parent=30084"}],"wp:term":[{"taxonomy":"category","embeddable":true,"href":"https:\/\/netzwerke-21.de\/index.php?rest_route=%2Fwp%2Fv2%2Fcategories&post=30084"},{"taxonomy":"post_tag","embeddable":true,"href":"https:\/\/netzwerke-21.de\/index.php?rest_route=%2Fwp%2Fv2%2Ftags&post=30084"}],"curies":[{"name":"wp","href":"https:\/\/api.w.org\/{rel}","templated":true}]}}