{"id":29582,"date":"2018-10-10T23:30:18","date_gmt":"2018-10-10T21:30:18","guid":{"rendered":"http:\/\/netzwerke-21.de\/?p=29582"},"modified":"2018-10-10T23:30:18","modified_gmt":"2018-10-10T21:30:18","slug":"rede-von-christoph-hofrichter-bezirksbeirat-in-obertuerkheim-auf-der-436-montagsdemo","status":"publish","type":"post","link":"https:\/\/netzwerke-21.de\/?p=29582","title":{"rendered":"Rede von Christoph Hofrichter, Bezirksbeirat in Obert\u00fcrkheim, auf der 436. Montagsdemo"},"content":{"rendered":"<p><strong>Rede von Christoph Hofrichter, Bezirksbeirat in Obert\u00fcrkheim, auf der 436. Montagsdemo:<\/strong> <a title=\"\" href=\"https:\/\/schaeferweltweit.de\/file\/stuttgart21\/mode_archiv\/mode_0436_18-10-08_rede-von-christoph-hofrichter.pdf\" target=\"_blank\" rel=\"noopener\">Das Obert\u00fcrkheimer Wasser-Dilemma der S21-Grubler<\/a>: <em>\u201eBrummt die Wumme in der Nacht, ist Obert\u00fcrkheim um den Schlaf gebracht. Die B\u00fcrger leiden gro\u00dfe Qual, der Deutschen Bahn ist das schei\u00dfegal.\u201c Dieses kleine Gedicht haben wir an dem gro\u00dfen von Heinrich Heine angelehnt: \u201eDenk ich an Deutschland in der Nacht, so bin ich um den Schlaf gebracht\u201c. Immer noch hochaktuell! Das Jahrhundertprojekt hat jetzt also auch Obert\u00fcrkheim erreicht; mit schwerstem Ger\u00e4t werden Tag und Nacht Eisentr\u00e4ger l\u00e4ngs der Bahntrasse zwischen Unter- und Obert\u00fcrkheim in die Erde gerammt. Ziel der Veranstaltung ist, die Trasse von S21, die durch den Wangener Tunnel \u00fcber Untert\u00fcrkheim f\u00fchrt, von unten hier in die bestehende Trasse einzuf\u00e4deln.&#8220;<\/em><\/p>\n","protected":false},"excerpt":{"rendered":"<p>Rede von Christoph Hofrichter, Bezirksbeirat in Obert\u00fcrkheim, auf der 436. Montagsdemo: Das Obert\u00fcrkheimer Wasser-Dilemma der S21-Grubler: \u201eBrummt die Wumme in der Nacht, ist Obert\u00fcrkheim um den Schlaf gebracht. Die B\u00fcrger leiden gro\u00dfe Qual, der Deutschen Bahn ist das schei\u00dfegal.\u201c Dieses &hellip; <a href=\"https:\/\/netzwerke-21.de\/?p=29582\">Weiterlesen <span class=\"meta-nav\">&rarr;<\/span><\/a><\/p>\n","protected":false},"author":6,"featured_media":0,"comment_status":"closed","ping_status":"closed","sticky":false,"template":"","format":"standard","meta":{"footnotes":""},"categories":[6,13,25,22],"tags":[],"class_list":["post-29582","post","type-post","status-publish","format-standard","hentry","category-grundwassermanagement","category-laerm","category-obertuerkheim","category-untertuerkheim"],"_links":{"self":[{"href":"https:\/\/netzwerke-21.de\/index.php?rest_route=\/wp\/v2\/posts\/29582","targetHints":{"allow":["GET"]}}],"collection":[{"href":"https:\/\/netzwerke-21.de\/index.php?rest_route=\/wp\/v2\/posts"}],"about":[{"href":"https:\/\/netzwerke-21.de\/index.php?rest_route=\/wp\/v2\/types\/post"}],"author":[{"embeddable":true,"href":"https:\/\/netzwerke-21.de\/index.php?rest_route=\/wp\/v2\/users\/6"}],"replies":[{"embeddable":true,"href":"https:\/\/netzwerke-21.de\/index.php?rest_route=%2Fwp%2Fv2%2Fcomments&post=29582"}],"version-history":[{"count":1,"href":"https:\/\/netzwerke-21.de\/index.php?rest_route=\/wp\/v2\/posts\/29582\/revisions"}],"predecessor-version":[{"id":29583,"href":"https:\/\/netzwerke-21.de\/index.php?rest_route=\/wp\/v2\/posts\/29582\/revisions\/29583"}],"wp:attachment":[{"href":"https:\/\/netzwerke-21.de\/index.php?rest_route=%2Fwp%2Fv2%2Fmedia&parent=29582"}],"wp:term":[{"taxonomy":"category","embeddable":true,"href":"https:\/\/netzwerke-21.de\/index.php?rest_route=%2Fwp%2Fv2%2Fcategories&post=29582"},{"taxonomy":"post_tag","embeddable":true,"href":"https:\/\/netzwerke-21.de\/index.php?rest_route=%2Fwp%2Fv2%2Ftags&post=29582"}],"curies":[{"name":"wp","href":"https:\/\/api.w.org\/{rel}","templated":true}]}}