{"id":29388,"date":"2018-09-10T19:48:37","date_gmt":"2018-09-10T17:48:37","guid":{"rendered":"http:\/\/netzwerke-21.de\/?p=29388"},"modified":"2018-09-10T19:48:37","modified_gmt":"2018-09-10T17:48:37","slug":"stadt-stuttgart-neue-buergerbeauftragte-fuer-stuttgart-21-bei-der-landeshauptstadt","status":"publish","type":"post","link":"https:\/\/netzwerke-21.de\/?p=29388","title":{"rendered":"Stadt Stuttgart: Neue B\u00fcrgerbeauftragte f\u00fcr Stuttgart 21 bei der Landeshauptstadt"},"content":{"rendered":"<p><strong>Pressemeldung Stadt Stuttgart:<\/strong> <a title=\"\" href=\"https:\/\/www.stuttgart.de\/item\/show\/273273\/1\/9\/658756\">Neue B\u00fcrgerbeauftragte f\u00fcr Stuttgart 21 bei der Landeshauptstadt:\u00a0<\/a> <em>&#8222;Ronja Griegel hat im August als B\u00fcrgerbeauftragte der Stadt Stuttgart f\u00fcr das Projekt Stuttgart 21 ihren Dienst angetreten. Sie l\u00f6st damit nach neun Jahren Alice Kaiser ab, die als Beauftragte f\u00fcr die Internationale Bauausstellung 2027 im Referat f\u00fcr St\u00e4dtebau und Umwelt eine neue Aufgabe gefunden hat. Wie Kaiser fungiert Griegel als Anw\u00e4ltin der Anwohner- und B\u00fcrgerinteressen w\u00e4hrend der Bauzeit des Gro\u00dfprojekts. Zugleich ist sie direkte Ansprechpartnerin f\u00fcr die B\u00fcrgerinnen und B\u00fcrger.&#8220;<\/em><\/p>\n","protected":false},"excerpt":{"rendered":"<p>Pressemeldung Stadt Stuttgart: Neue B\u00fcrgerbeauftragte f\u00fcr Stuttgart 21 bei der Landeshauptstadt:\u00a0 &#8222;Ronja Griegel hat im August als B\u00fcrgerbeauftragte der Stadt Stuttgart f\u00fcr das Projekt Stuttgart 21 ihren Dienst angetreten. Sie l\u00f6st damit nach neun Jahren Alice Kaiser ab, die als &hellip; <a href=\"https:\/\/netzwerke-21.de\/?p=29388\">Weiterlesen <span class=\"meta-nav\">&rarr;<\/span><\/a><\/p>\n","protected":false},"author":6,"featured_media":0,"comment_status":"closed","ping_status":"closed","sticky":false,"template":"","format":"standard","meta":{"footnotes":""},"categories":[83,26],"tags":[],"class_list":["post-29388","post","type-post","status-publish","format-standard","hentry","category-anwohnerveranstaltung","category-stadt-stuttgart"],"_links":{"self":[{"href":"https:\/\/netzwerke-21.de\/index.php?rest_route=\/wp\/v2\/posts\/29388","targetHints":{"allow":["GET"]}}],"collection":[{"href":"https:\/\/netzwerke-21.de\/index.php?rest_route=\/wp\/v2\/posts"}],"about":[{"href":"https:\/\/netzwerke-21.de\/index.php?rest_route=\/wp\/v2\/types\/post"}],"author":[{"embeddable":true,"href":"https:\/\/netzwerke-21.de\/index.php?rest_route=\/wp\/v2\/users\/6"}],"replies":[{"embeddable":true,"href":"https:\/\/netzwerke-21.de\/index.php?rest_route=%2Fwp%2Fv2%2Fcomments&post=29388"}],"version-history":[{"count":2,"href":"https:\/\/netzwerke-21.de\/index.php?rest_route=\/wp\/v2\/posts\/29388\/revisions"}],"predecessor-version":[{"id":29396,"href":"https:\/\/netzwerke-21.de\/index.php?rest_route=\/wp\/v2\/posts\/29388\/revisions\/29396"}],"wp:attachment":[{"href":"https:\/\/netzwerke-21.de\/index.php?rest_route=%2Fwp%2Fv2%2Fmedia&parent=29388"}],"wp:term":[{"taxonomy":"category","embeddable":true,"href":"https:\/\/netzwerke-21.de\/index.php?rest_route=%2Fwp%2Fv2%2Fcategories&post=29388"},{"taxonomy":"post_tag","embeddable":true,"href":"https:\/\/netzwerke-21.de\/index.php?rest_route=%2Fwp%2Fv2%2Ftags&post=29388"}],"curies":[{"name":"wp","href":"https:\/\/api.w.org\/{rel}","templated":true}]}}