{"id":29338,"date":"2018-08-10T23:04:27","date_gmt":"2018-08-10T21:04:27","guid":{"rendered":"http:\/\/netzwerke-21.de\/?p=29338"},"modified":"2018-08-10T23:44:59","modified_gmt":"2018-08-10T21:44:59","slug":"stzn-lastwagenlaerm-an-sieben-tagen-in-der-woche","status":"publish","type":"post","link":"https:\/\/netzwerke-21.de\/?p=29338","title":{"rendered":"StZN: Lastwagenl\u00e4rm an sieben Tagen in der Woche"},"content":{"rendered":"<p><strong>StZN: <\/strong><a title=\"\" href=\"https:\/\/www.stuttgarter-zeitung.de\/inhalt.aerger-im-lenninger-tal-lastwagenlaerm-an-sieben-tagen-in-der-woche.fffed325-43a5-4439-b118-2e8e605b48f9.html\" target=\"_blank\" rel=\"noopener\">Lastwagenl\u00e4rm an sieben Tagen in der Woche<\/a>: &#8222;<em>Um Betonfertigteile f\u00fcr den Albvorlandtunnel produzieren zu k\u00f6nnen, l\u00e4sst die Bahn jetzt auch sonntags Schotter durch das Lenninger Tal transportieren. Die B\u00fcrgermeister der betroffenen Orte sind ver\u00e4rgert, weil sie dar\u00fcber nicht informiert wurden. &#8222;<\/em><\/p>\n","protected":false},"excerpt":{"rendered":"<p>StZN: Lastwagenl\u00e4rm an sieben Tagen in der Woche: &#8222;Um Betonfertigteile f\u00fcr den Albvorlandtunnel produzieren zu k\u00f6nnen, l\u00e4sst die Bahn jetzt auch sonntags Schotter durch das Lenninger Tal transportieren. Die B\u00fcrgermeister der betroffenen Orte sind ver\u00e4rgert, weil sie dar\u00fcber nicht informiert &hellip; <a href=\"https:\/\/netzwerke-21.de\/?p=29338\">Weiterlesen <span class=\"meta-nav\">&rarr;<\/span><\/a><\/p>\n","protected":false},"author":6,"featured_media":0,"comment_status":"closed","ping_status":"closed","sticky":false,"template":"","format":"standard","meta":{"footnotes":""},"categories":[41,13,54],"tags":[],"class_list":["post-29338","post","type-post","status-publish","format-standard","hentry","category-baulogistik","category-laerm","category-neubaustrecke-stgt-ulm"],"_links":{"self":[{"href":"https:\/\/netzwerke-21.de\/index.php?rest_route=\/wp\/v2\/posts\/29338","targetHints":{"allow":["GET"]}}],"collection":[{"href":"https:\/\/netzwerke-21.de\/index.php?rest_route=\/wp\/v2\/posts"}],"about":[{"href":"https:\/\/netzwerke-21.de\/index.php?rest_route=\/wp\/v2\/types\/post"}],"author":[{"embeddable":true,"href":"https:\/\/netzwerke-21.de\/index.php?rest_route=\/wp\/v2\/users\/6"}],"replies":[{"embeddable":true,"href":"https:\/\/netzwerke-21.de\/index.php?rest_route=%2Fwp%2Fv2%2Fcomments&post=29338"}],"version-history":[{"count":1,"href":"https:\/\/netzwerke-21.de\/index.php?rest_route=\/wp\/v2\/posts\/29338\/revisions"}],"predecessor-version":[{"id":29339,"href":"https:\/\/netzwerke-21.de\/index.php?rest_route=\/wp\/v2\/posts\/29338\/revisions\/29339"}],"wp:attachment":[{"href":"https:\/\/netzwerke-21.de\/index.php?rest_route=%2Fwp%2Fv2%2Fmedia&parent=29338"}],"wp:term":[{"taxonomy":"category","embeddable":true,"href":"https:\/\/netzwerke-21.de\/index.php?rest_route=%2Fwp%2Fv2%2Fcategories&post=29338"},{"taxonomy":"post_tag","embeddable":true,"href":"https:\/\/netzwerke-21.de\/index.php?rest_route=%2Fwp%2Fv2%2Ftags&post=29338"}],"curies":[{"name":"wp","href":"https:\/\/api.w.org\/{rel}","templated":true}]}}