{"id":29191,"date":"2018-08-05T01:27:07","date_gmt":"2018-08-04T23:27:07","guid":{"rendered":"http:\/\/netzwerke-21.de\/?p=29191"},"modified":"2019-03-08T09:26:10","modified_gmt":"2019-03-08T07:26:10","slug":"vier-jahre-nach-baustart-randkelch-als-erster-teil-des-schalendachs-betoniert","status":"publish","type":"post","link":"https:\/\/netzwerke-21.de\/?p=29191","title":{"rendered":"Vier Jahre nach Baustart: Restkelch als erster Teil vom Schalendach des Tiefbahnhofs betoniert. Wie realistisch war der damalige Zeitplan von Z\u00fcblin?"},"content":{"rendered":"<p><strong>Update 06.08.2018<\/strong>: Am 5.August 2014 wurde auf einer <a title=\"Bahn muss bereits beim Baustart f\u00fcr den Tiefbahnhoftrog Zeitengp\u00e4sse und Umplanungen einr\u00e4umen\" href=\"http:\/\/netzwerke-21.de\/?p=3742\" target=\"_blank\" rel=\"noopener\">Pressekonferenz der Start der Tiefbauarbeiten f\u00fcr den neuen Bahnhof verk\u00fcndet<\/a>. Jetzt, vier Jahre sp\u00e4ter, wurde Ende Juli ein erster Restkelch betoniert, der in diesem Foto als &#8211; vom Bahnhofsturm abgeschattete- wei\u00dfe, halbkreisf\u00f6rmige Fl\u00e4che erkennbar ist:<\/p>\n<p><img loading=\"lazy\" decoding=\"async\" class=\"attachment-900x900 \" src=\"http:\/\/netzwerke-21.de\/wordpress\/wp-content\/uploads\/20180701-BA-16_17.jpg\" sizes=\"auto, (max-width: 900px) 100vw, 900px\" srcset=\"http:\/\/netzwerke-21.de\/wordpress\/wp-content\/uploads\/20180701-BA-16_17.jpg 4128w, http:\/\/netzwerke-21.de\/wordpress\/wp-content\/uploads\/20180701-BA-16_17-300x169.jpg 300w, http:\/\/netzwerke-21.de\/wordpress\/wp-content\/uploads\/20180701-BA-16_17-768x432.jpg 768w, http:\/\/netzwerke-21.de\/wordpress\/wp-content\/uploads\/20180701-BA-16_17-1024x576.jpg 1024w\" alt=\"\" width=\"622\" height=\"350\" \/><\/p>\n<p>Die DB Projekt Stuttgart-Ulm Gmbh (PSU) hat \u00fcber die &#8222;Betonage des ersten Dachteils&#8220; eine Pressemiteilung herausgegeben <a title=\"Erster Restkelch des k\u00fcnftigen Bahnhofsdachs wird betoniert Betonage des Schalendachs am Stuttgarter Hbf hat begonnen\" href=\"http:\/\/www.bahnprojekt-stuttgart-ulm.de\/presse\/pressemitteilungen\/newsdetail\/news\/1379-erster-restkelch-des-kuenftigen-bahnhofsdachs-wird-betoniert\/newsParameter\/detail\/News\/datum\/20180702\/\" target=\"_blank\" rel=\"noopener\">(hier<\/a>) und einen Film in ihrer Mediathek (<a title=\"PSU: Betonage des ersten Dachteils\" href=\"http:\/\/www.bahnprojekt-stuttgart-ulm.de\/mediathek\/detail\/media\/betonage-des-ersten-dachteils\/mediaParameter\/show\/Medium\/\" target=\"_blank\" rel=\"noopener\">hier<\/a>) eingestellt. Hier Scan aus dem Video mit einem Ausschnitt aus dem Bauplan der Kelchst\u00fctzen und farbig markiert der erste betonierte Restkelch:<\/p>\n<p><img loading=\"lazy\" decoding=\"async\" class=\"thumbnail\" src=\"http:\/\/netzwerke-21.de\/wordpress\/wp-content\/uploads\/20180701-PLan-Kelche.jpg\" alt=\"\" width=\"620\" height=\"344\" \/><\/p>\n<p>Ingesamt sollen 28 Kelchst\u00fctzen mit Lichtaugen hergestellt werden. Die Restkelche z\u00e4hlen nicht dazu. Der Restkelch hat keinen Kelchfu\u00df und kein Lichtauge und ist auch nur an die Wand &#8218;geklebt&#8216;. Die StZ (<a title=\"StZ: Die Arbeiten am Bahnhofsdach beginnen\" href=\"https:\/\/www.stuttgarter-zeitung.de\/inhalt.bauarbeiten-fuer-stuttgart-21-der-bahnhof-bekommt-seinen-deckel.cf7ab0e5-2eb1-4cea-a1b3-a9ea5e82b899.html\" target=\"_blank\" rel=\"noopener\">hier<\/a>) schreibt zur Kontruktion der Restkelche: &#8222;<em>Auch wenn diese nur die Andeutung einer weiteren St\u00fctze sind, ist der Aufbau komplex. Auf eigens auf Ma\u00df gefertigten Schalelementen sind Baustahlstreben verlegt. Die bis zu 32 Millimeter starken Eisenst\u00e4be bringen zusammen 167 Tonnen auf die Waage. Bis zu zw\u00f6lf Fachm\u00e4nner aus der T\u00fcrkei gleichzeitig haben das Stahlgeflecht in Position gebracht.&#8220;<\/em><\/p>\n<p>Nach der Pressemitteilung soll die erste richtige Kelchst\u00fctze im Startbaufeld 16, d<a title=\"StZ: Bau der Kelchst\u00fctzen stockt weiterhin\" href=\"http:\/\/netzwerke-21.de\/?p=27792\" target=\"_blank\" rel=\"noopener\">eren Schalungsger\u00fcst seit Dezember 2017 aufgebaut ist,\u00a0<\/a> im Laufe des Sommers betoniert werden. Dies hatte Abschnittsleiter Michael Pradel Anfang Juni auf der <a title=\"Weiterhin umgeben von Dauerbaustellen. Bericht von der Informationsveranstaltung im Rathaus f\u00fcr das Kernerviertel\" href=\"http:\/\/netzwerke-21.de\/?p=28686\" target=\"_blank\" rel=\"noopener\">Anwohnerveranstaltung im Rathaus<\/a> auch erl\u00e4utert. Die erneute Verz\u00f6gerung w\u00fcrde, so Pradel, an den noch zu vergebenden Spezial-Schwei\u00dferarbeiten f\u00fcr die Lichtaugen liegen. F\u00fcr 2018 sei geplant einen Randkelch fertigzustellen, 2019 dann die zweite Kelchst\u00fctze. F\u00fcnf Kelchst\u00fctzen sollen in den beiden Bauabschnitte 16 und 17 entstehen. Zu ber\u00fccksichtigen sind auch die Zeiten f\u00fcr die Schwindgassen zwischen den Kelchst\u00fctzen. Die Fertigstellung dieser beiden ersten Bauabschnitte der neuen Bahnsteighalle sei daher erst f\u00fcr 2020 vorgesehen. 2022 soll der Rohbau des &#8222;Tiefbahnhofs&#8220; fertig sein.<\/p>\n<p>Wir hatten in unserem Beitrag vom Dezember 2017\u00a0 &#8222;<a title=\"Eidechsen und K\u00e4fer sind schuld am Bauverzug des Tiefbahnhofs? Ein R\u00fcckblick auf den Baufortschritt seit 2012&quot;\" href=\"http:\/\/netzwerke-21.de\/?p=26372\" target=\"_blank\" rel=\"noopener\">Eidechsen und K\u00e4fer sind schuld am Bauverzug des Tiefbahnhofs? Ein R\u00fcckblick auf den Baufortschritt seit 2012&#8243;<\/a> \u00fcber die Verz\u00f6gerungen beim Bau des &#8222;Tiefbahnhofs&#8220; berichtet. Im R\u00fcckblick war auch der von der Baufirma Z\u00fcblin auf der Pressekonferenz zum Baustart <a title=\"\" href=\"http:\/\/netzwerke-21.de\/wordpress\/wp-content\/uploads\/20140805-Beginn_Aushub_Trogbau_Bauablauf_Zueblin2.pdf\" target=\"_blank\" rel=\"noopener\">i<\/a>m August 2014 vorgestellte Zeitplan (<a title=\"fluegel.tV: DB-Pressekonferenz, 05.08.2014, Teil 2 von 4: Bauarbeiten am Bahnhofs-Trog BA16 und an den BAs 1, 22, 25\" href=\"http:\/\/www.fluegel.tv\/beitrag\/9787\" target=\"_blank\" rel=\"noopener\">Video<\/a> \/ <a title=\"\" href=\"http:\/\/netzwerke-21.de\/wordpress\/wp-content\/uploads\/20140805-Beginn_Aushub_Trogbau_Bauablauf_Zueblin2.pdf\" target=\"_blank\" rel=\"noopener\">Pr\u00e4sentation)<\/a> unrealistisch. Danach sollte die Betonage des ersten Restkelchs im Sommer 2015 erfolgen:<\/p>\n<p><img loading=\"lazy\" decoding=\"async\" class=\"attachment-900x900 \" src=\"http:\/\/netzwerke-21.de\/wordpress\/wp-content\/uploads\/20140805-BA-16-Randkelch.jpg\" sizes=\"auto, (max-width: 561px) 100vw, 561px\" srcset=\"http:\/\/netzwerke-21.de\/wordpress\/wp-content\/uploads\/20140805-BA-16-Randkelch.jpg 561w, http:\/\/netzwerke-21.de\/wordpress\/wp-content\/uploads\/20140805-BA-16-Randkelch-300x212.jpg 300w\" alt=\"\" width=\"631\" height=\"446\" \/><\/p>\n<p>Zum Zeitpunkt der Pressekonferenz im August 2014 bestanden nicht nur <a title=\"Hans Heydemann und der stellvertretende Amtsleiter der Branddirektion zum Brandschutz bei Stuttgart 21\" href=\"http:\/\/netzwerke-21.de\/?p=29056\" target=\"_blank\" rel=\"noopener\">offene Punkte beim Brandschutz,<\/a> sondern es mussten zentrale Fragen f\u00fcr den Bau der bis zu dreizehn Meter hohen Lichtkelche mit ihren geschwungenen Formen und Durchmessern bis zu 32 Meter erst noch gekl\u00e4rt werden:<\/p>\n<ul>\n<li><strong>Ausf\u00fchrungsplanung<\/strong>: Die Bauarbeiten bzw. die der einzelnen Bauschritte mussten erst noch vom Eisenbahn-Bundesamt auf Basis einer Ausf\u00fchrungsplanung freigegeben werden. Unter anderem waren wegen der der komplexen Statik des &#8222;Tiefbahnhofs&#8220;, der starken Heterogenit\u00e4t des Untergrundes und der damit verbundene Problematik f\u00fcr die Gr\u00fcndung weitere, umfangreichere geotechnische Nachweise erforderlich, \u00fcber die ein Pr\u00fcfer in einem Vortrag an der Universit\u00e4t Stuttgart <a title=\"Gutachter pr\u00fcft f\u00fcr das Eisenbahn-Bundesamt die Gr\u00fcndung des Tiefbahnhofes und die Auswirkungen f\u00fcr Nachbarbauwerke\" href=\"http:\/\/netzwerke-21.de\/?p=9485\" target=\"_blank\" rel=\"noopener noreferrer\">(hier<\/a>) berichtete.<\/li>\n<\/ul>\n<ul>\n<li><strong>Spezialbeton:<\/strong> Erst im September 2015 wurde ein Achtel einer Kelchkonstruktion als Musterst\u00fctze erstellt und vom Architekten Christoph Ingenhoven begutachtet, \u00fcber die die beiden Stuttgarter Zeitungen (<a title=\"StN Erste St\u00fctze f\u00fcr Tiefbahnhof steht \u2013 aber nur als Muster\" href=\"http:\/\/www.stuttgarter-nachrichten.de\/inhalt.stuttgart-21-erste-stuetze-fuer-tiefbahnhof-steht-aber-nur-als-muster.b656bc1b-85a7-4271-94b7-ce077b4241f6.html\">StN<\/a>) (<a title=\"Ingenhoven und Kefer besuchen Baustelle\" href=\"http:\/\/www.stuttgarter-zeitung.de\/inhalt.stuttgart-21-im-mittleren-schlossgarten-ingenhoven-und-kefer-besuchen-baustelle.ee1d6f47-60c6-41cc-8862-9642d44fb55f.html\" target=\"_blank\" rel=\"noopener noreferrer\">StZ 1<\/a> \/<a title=\"StZ \u00dcben an der komplexen Bahnhofsst\u00fctze\" href=\"http:\/\/www.stuttgarter-zeitung.de\/inhalt.stuttgart-21-ueben-an-der-komplexen-bahnhofsstuetze.a5bbcf80-45d2-497b-aa7f-7866e2c2bfac.html\" target=\"_blank\" rel=\"noopener noreferrer\"> StZ 2<\/a>) ausf\u00fchrlich berichteten. Bei dem Test ging es um\u00a0 sowohl um die Oberfl\u00e4cheng\u00fcte und Farbe als auch um die Brandfestigkeit des speziellen Wei\u00dfbetons. Projektchef Manfred Leger wertete diesen Schritt als \u201eRiesen-Meilenstein\u201c. In Sachen Brandfestigkeit erfolgten anschlie\u00dfend noch Realtests, bei denen der Beton binnen f\u00fcnf Minuten auf 1200 Grad erhitzt wurde und dieser Temperatur eine Stunde lang Stand halten musste. Das Projektmagazin der PSU berichtete \u00fcber die Bemusterung der Kelchst\u00fctze im Dezember 2015 ab Seite 18 (<a href=\"http:\/\/www.bahnprojekt-stuttgart-ulm.de\/fileadmin\/pdfs\/80-FLYER-MAGAZINE\/2015\/Bezug-15.pdf\">hier)<\/a> und \u00fcber den Spezialbeton im November 2017 ab Seite 20 (<a title=\"\" href=\"http:\/\/www.bahnprojekt-stuttgart-ulm.de\/fileadmin\/user_upload\/Bezug-2101.pdf\" target=\"_blank\" rel=\"noopener\">hier<\/a>).<\/li>\n<\/ul>\n<ul>\n<li><strong>Spezialverschalung und -ger\u00fcst:<\/strong> Die aufwendige Verschalung zur Betonierung der Kelchst\u00fctzen musste erst noch vergeben, entwickelt und hergestellt werden. Dar\u00fcber berichtete die StZ ( <a title=\"StZ: Tragende S\u00e4ulen\" href=\"http:\/\/www.stuttgarter-zeitung.de\/inhalt.stuttgart-21-tragende-saeulen.5553387d-fe91-49b2-a429-dabb86056273.html\" target=\"_blank\" rel=\"noopener noreferrer\">hier)<\/a> im April 2017 und das Projektmagazin der PSU im Juli 2017 ab Seite 4 (<a title=\"\" href=\"http:\/\/www.bahnprojekt-stuttgart-ulm.de\/fileadmin\/pdfs\/80-FLYER-MAGAZINE\/2017\/Bezug-20.pdf\" target=\"_blank\" rel=\"noopener\">hier<\/a>). Die Verschalung soll die Betonierung mit glatter Oberfl\u00e4che porenfrei gew\u00e4hrleisten. Auch das Verschalungsger\u00fcst musste speziell f\u00fcr den Bau der Kelchst\u00fctzen konstruiert werden. Mehr dazu findet man auf der Webseite der Herstellerfirma\u00a0 (<a title=\"Robust Gaukel Bauvorhaben S21, Fa. Ed. Z\u00fcblin AG\" href=\"http:\/\/www.robusta-gaukel.de\/aktuelles\/bauvorhaben-stuttgart-21\/\" target=\"_blank\" rel=\"noopener\">hier<\/a>).<\/li>\n<\/ul>\n<ul>\n<li><strong>Spezialbewehrung<\/strong>: Die komplexe Bewehrung der Kelchst\u00fctzen musste mit exakt vorgegebenen Kr\u00fcmmungen von einer Denkendorfer Firma produziert werden. Der Schwarzw\u00e4lder Bote <a title=\"\" href=\"https:\/\/www.schwarzwaelder-bote.de\/inhalt.rosenfeld-suelzle-liefert-stahl-fuer-dach-von-stuttgart-21.29d34ab4-1bd7-4eba-aaec-6ae899416d04.html\" target=\"_blank\" rel=\"noopener\"><span class=\"article-headline\">(hier)<\/span><\/a> berichtete im Juli 2018 dar\u00fcber.<\/li>\n<\/ul>\n<ul>\n<li><strong>Lichtaugen:<\/strong> wie bereits erw\u00e4hnt, sind die zu vergebenden, speziellen Schwei\u00dferarbeiten f\u00fcr die \u00fcber den Kelchst\u00fctzen liegenden Lichtaugen laut Abschnittsleiter Michael Pradel der Grund daf\u00fcr, dass sich die Betonagearbeiten weiter verz\u00f6gern. Kontext (<a title=\"Zu viel Rauch im Tiefbahnhof\" href=\"https:\/\/www.kontextwochenzeitung.de\/wirtschaft\/382\/zu-viel-rauch-im-tiefbahnhof-5243.html\" target=\"_blank\" rel=\"noopener\">hier<\/a>) berichtete jedoch Ende Juli 2018, dass die Ingenieure 22 vemuten, dass es bislang noch keine Ausf\u00fchrungsplanung f\u00fcr die Lichtaugen gibt. Aufgefallen sei dies den Projektkritikern, da auf den Schnittzeichnungen der Lichtaugen zahlreiche Vermerke wie &#8222;nur nachrichtlich \/ Planung und Koordination noch ausstehend&#8220; zu finden sind. Die Lichtaugen mit ihren \u00d6ffnungen, aus denen der Rauch im Brandfall entweichen soll,\u00a0 sind ein zentrales Element des Brandschutzkonzepts f\u00fcr Stuttgart 21.<\/li>\n<\/ul>\n<p>Die Vorgehensweise \u00e4hnelt mehr einem baubegleitendem Entwicklungslabor f\u00fcr den neuen &#8222;Luxusbahnhof&#8220; (Zitat Projektchef Manfred Leger) als einer Baustelle. Daher war ein Jahr nach dem Baustart die Fertigstellung der ersten Kelchst\u00fctze nicht im entferntesten realistisch. Die Pressekonferenz reiht sich in eine Vielzahl von Ank\u00fcndigungen \u00fcber anstehende Bauarbeiten von Stuttgart 21 ein, die die \u00d6ffentlichkeit \u00fcber den zeitlichen Umfang des Projekts desinformierten. Wir m\u00f6chten nur an die <a title=\"59 Tunnelkilometer im Rohbau fertig bis 2019 \u2013 wie realistisch ist der Zeitplan von Stuttgart 21?\" href=\"http:\/\/netzwerke-21.de\/?p=8941\" target=\"_blank\" rel=\"noopener\">Ank\u00fcndigung des damaligen Technikvorstands Volker Kefer vor dem Verkehrsausschuss des Deutschen Bundestages im Mai 2015<\/a> erinnern, dass der Tunnelrohbau 2019 fertig gestellt sein werde. Mittlerweile wurde der offizielle Inbetriebnahmetermin von Stuttgart 21 von 2021 auf Ende 2025 verschoben.<\/p>\n","protected":false},"excerpt":{"rendered":"<p>Update 06.08.2018: Am 5.August 2014 wurde auf einer Pressekonferenz der Start der Tiefbauarbeiten f\u00fcr den neuen Bahnhof verk\u00fcndet. Jetzt, vier Jahre sp\u00e4ter, wurde Ende Juli ein erster Restkelch betoniert, der in diesem Foto als &#8211; vom Bahnhofsturm abgeschattete- wei\u00dfe, halbkreisf\u00f6rmige &hellip; <a href=\"https:\/\/netzwerke-21.de\/?p=29191\">Weiterlesen <span class=\"meta-nav\">&rarr;<\/span><\/a><\/p>\n","protected":false},"author":6,"featured_media":0,"comment_status":"closed","ping_status":"closed","sticky":false,"template":"","format":"standard","meta":{"footnotes":""},"categories":[8,71,69,31,21,58,53],"tags":[],"class_list":["post-29191","post","type-post","status-publish","format-standard","hentry","category-bauarbeiten","category-baufortschritt","category-brandschutz","category-eisenbahn-bundesamt","category-kernerviertel","category-tiefbahnhof","category-zeitplan"],"_links":{"self":[{"href":"https:\/\/netzwerke-21.de\/index.php?rest_route=\/wp\/v2\/posts\/29191","targetHints":{"allow":["GET"]}}],"collection":[{"href":"https:\/\/netzwerke-21.de\/index.php?rest_route=\/wp\/v2\/posts"}],"about":[{"href":"https:\/\/netzwerke-21.de\/index.php?rest_route=\/wp\/v2\/types\/post"}],"author":[{"embeddable":true,"href":"https:\/\/netzwerke-21.de\/index.php?rest_route=\/wp\/v2\/users\/6"}],"replies":[{"embeddable":true,"href":"https:\/\/netzwerke-21.de\/index.php?rest_route=%2Fwp%2Fv2%2Fcomments&post=29191"}],"version-history":[{"count":106,"href":"https:\/\/netzwerke-21.de\/index.php?rest_route=\/wp\/v2\/posts\/29191\/revisions"}],"predecessor-version":[{"id":30866,"href":"https:\/\/netzwerke-21.de\/index.php?rest_route=\/wp\/v2\/posts\/29191\/revisions\/30866"}],"wp:attachment":[{"href":"https:\/\/netzwerke-21.de\/index.php?rest_route=%2Fwp%2Fv2%2Fmedia&parent=29191"}],"wp:term":[{"taxonomy":"category","embeddable":true,"href":"https:\/\/netzwerke-21.de\/index.php?rest_route=%2Fwp%2Fv2%2Fcategories&post=29191"},{"taxonomy":"post_tag","embeddable":true,"href":"https:\/\/netzwerke-21.de\/index.php?rest_route=%2Fwp%2Fv2%2Ftags&post=29191"}],"curies":[{"name":"wp","href":"https:\/\/api.w.org\/{rel}","templated":true}]}}