{"id":29186,"date":"2018-08-03T22:31:50","date_gmt":"2018-08-03T20:31:50","guid":{"rendered":"http:\/\/netzwerke-21.de\/?p=29186"},"modified":"2018-08-03T22:32:36","modified_gmt":"2018-08-03T20:32:36","slug":"stz-arbeiten-fuer-stuttgart-21-leben-in-der-roehre","status":"publish","type":"post","link":"https:\/\/netzwerke-21.de\/?p=29186","title":{"rendered":"StZ+:  Arbeiten f\u00fcr Stuttgart 21. Leben in der R\u00f6hre"},"content":{"rendered":"<p><strong>StZ+:<\/strong> <a title=\"\" href=\"https:\/\/www.stuttgarter-zeitung.de\/inhalt.arbeiten-fuer-stuttgart-21-leben-in-der-roehre.0962aad7-7990-4d49-9af9-dfa85a3908fa.html?reduced=true\" target=\"_blank\" rel=\"noopener\">Arbeiten f\u00fcr Stuttgart 21 Leben in der R\u00f6hre<\/a>: &#8222;<em>Wer auf Stuttgarts gro\u00dfen Tunnelbaustellen arbeitet, sieht Tageslicht und Familie eher selten. So wie der \u00d6sterreicher Christoph Ronacher.&#8220; (<\/em>Reportage \u00fcber den Arbeitsalltag und den Zeitplan der anstehenden Bauarbeiten beim maschinellen Vortrieb des Fildertunnels)<\/p>\n","protected":false},"excerpt":{"rendered":"<p>StZ+: Arbeiten f\u00fcr Stuttgart 21 Leben in der R\u00f6hre: &#8222;Wer auf Stuttgarts gro\u00dfen Tunnelbaustellen arbeitet, sieht Tageslicht und Familie eher selten. So wie der \u00d6sterreicher Christoph Ronacher.&#8220; (Reportage \u00fcber den Arbeitsalltag und den Zeitplan der anstehenden Bauarbeiten beim maschinellen Vortrieb &hellip; <a href=\"https:\/\/netzwerke-21.de\/?p=29186\">Weiterlesen <span class=\"meta-nav\">&rarr;<\/span><\/a><\/p>\n","protected":false},"author":6,"featured_media":0,"comment_status":"closed","ping_status":"closed","sticky":false,"template":"","format":"standard","meta":{"footnotes":""},"categories":[55,8,71,44,27,47,72,21,38,4,52,53],"tags":[],"class_list":["post-29186","post","type-post","status-publish","format-standard","hentry","category-anhydrit","category-bauarbeiten","category-baufortschritt","category-degerloch","category-erschuetterungen","category-gaensheide","category-hebungsinjektionen","category-kernerviertel","category-tunnelstrecken","category-unterfahrung","category-vortriebsstand","category-zeitplan"],"_links":{"self":[{"href":"https:\/\/netzwerke-21.de\/index.php?rest_route=\/wp\/v2\/posts\/29186","targetHints":{"allow":["GET"]}}],"collection":[{"href":"https:\/\/netzwerke-21.de\/index.php?rest_route=\/wp\/v2\/posts"}],"about":[{"href":"https:\/\/netzwerke-21.de\/index.php?rest_route=\/wp\/v2\/types\/post"}],"author":[{"embeddable":true,"href":"https:\/\/netzwerke-21.de\/index.php?rest_route=\/wp\/v2\/users\/6"}],"replies":[{"embeddable":true,"href":"https:\/\/netzwerke-21.de\/index.php?rest_route=%2Fwp%2Fv2%2Fcomments&post=29186"}],"version-history":[{"count":3,"href":"https:\/\/netzwerke-21.de\/index.php?rest_route=\/wp\/v2\/posts\/29186\/revisions"}],"predecessor-version":[{"id":29189,"href":"https:\/\/netzwerke-21.de\/index.php?rest_route=\/wp\/v2\/posts\/29186\/revisions\/29189"}],"wp:attachment":[{"href":"https:\/\/netzwerke-21.de\/index.php?rest_route=%2Fwp%2Fv2%2Fmedia&parent=29186"}],"wp:term":[{"taxonomy":"category","embeddable":true,"href":"https:\/\/netzwerke-21.de\/index.php?rest_route=%2Fwp%2Fv2%2Fcategories&post=29186"},{"taxonomy":"post_tag","embeddable":true,"href":"https:\/\/netzwerke-21.de\/index.php?rest_route=%2Fwp%2Fv2%2Ftags&post=29186"}],"curies":[{"name":"wp","href":"https:\/\/api.w.org\/{rel}","templated":true}]}}