{"id":2878,"date":"2014-05-30T19:21:39","date_gmt":"2014-05-30T17:21:39","guid":{"rendered":"http:\/\/netzwerke-21.de\/?p=2878"},"modified":"2017-12-08T00:24:02","modified_gmt":"2017-12-07T22:24:02","slug":"belastungen-fuer-das-nordbahnhofviertel-durch-s21-die-baulogistikstrasse-planung-und-realitaet-rundgang-am-sa-14-6","status":"publish","type":"post","link":"https:\/\/netzwerke-21.de\/?p=2878","title":{"rendered":"Belastungen f\u00fcr das Nordbahnhofviertel durch S21: Die Baulogistikstra\u00dfe \u2013 Planung und Realit\u00e4t. Rundgang am Samstag, 14.6."},"content":{"rendered":"<p style=\"text-align: left;\">Die Stadtteilgruppe Nordlichter l\u00e4dt alle Anwohner und Interessierten herzlich ein zu einem Rundgang durch den Stadtteil zum Thema <span style=\"color: #800000;\">Belastungen f\u00fcr das Nordbahnhof-viertel durch S21: Die Baulogistikstra\u00dfe \u2013 Planung und Realit\u00e4t <\/span>mit Dr.-Ing. Hans-J\u00f6rg J\u00e4kel am Samstag, 14. Juni 2014, von 14 bis ca. 16 Uhr Start: Haltestelle Eckartshaldenweg (U5, U6, U7, U15) (<a href=\"http:\/\/www.bei-abriss-aufstand.de\/wp-content\/uploads\/Flyer_Spaziergang_Logistikstra%C3%9Fe_140614.pdf\" target=\"_blank\" rel=\"noopener noreferrer\">Flyer<\/a>)<\/p>\n<p style=\"text-align: left;\">Diese F\u00fchrung ist sicherlich auch f\u00fcr die vom Tunnel- , Trog- und SSB-Bau betroffenen Anwohner des Kernerviertels interessant.\u00a0 Die Bahn hatte im November letzten Jahres auf der Informationsveranstaltung im Rathaus erkl\u00e4rt, dass das F\u00f6rderband und die Bau- stra\u00dfen bis diesen August fertig gestellt w\u00e4ren. Es ist nicht erkennbar, dass sie die nach der Planfeststellung geforderte Infrastruktur bis dahin aufgebaut hat.\u00a0Ein Zitat aus unserem <a href=\"http:\/\/netzwerke-21.de\/?p=766\" target=\"_blank\" rel=\"noopener noreferrer\">Bericht von der Infoveranstaltung im letzten Jahr<\/a>:<\/p>\n<p style=\"text-align: left;\"><em>&#8222;&#8230; Ab Juli\/August soll ein F\u00f6rderband den Aushub \u00fcber die B 14 auf die Logistikfl\u00e4che S 3 rechts neben der Grundwassermanagementanlage rund um die Uhr (Ausnahme Sonn- und Feitertags) transportieren. Ab August sollen die bereits seit langem von der Bahn angek\u00fcndigten und nach dem <a href=\"http:\/\/netzwerke-21.de\/?p=683\">Planfeststellungsbeschluss<\/a> erforderlichen <a href=\"http:\/\/www.bahnprojekt-stuttgart-ulm.de\/uploads\/tx_smediamediathek\/20121023-Baustellenlogistik_in_der_Stuttgarter_Innenstadt.pdf\">Baustra\u00dfen<\/a> zum Abtransport des Aushubs fertig gestellt sein&#8230;&#8220;.<\/em><\/p>\n<p style=\"text-align: left;\">Bereits im Februar hatten wir in <a href=\"http:\/\/netzwerke-21.de\/?p=2166\" target=\"_blank\" rel=\"noopener noreferrer\">einem Bericht zu einer Anfrage an das Kommunikations- b\u00fcro<\/a> notiert, dass die Bahn von diesem Ziel noch weit entfernt sei:<\/p>\n<p style=\"text-align: left;\"><em>&#8222;&#8230; Davon ist leider bislang nichts zu sehen. Weder laufen Vorbereitungsarbeiten f\u00fcr das F\u00f6rderband, noch ist f\u00fcr uns Anwohner erkennbar, dass in knapp 5 Monaten <a href=\"http:\/\/www.bahnprojekt-stuttgart-ulm.de\/uploads\/tx_smediamediathek\/20121023-Baustellenlogistik_in_der_Stuttgarter_Innenstadt.pdf\" target=\"_blank\" rel=\"noopener noreferrer\">die Bau- stra\u00dfen vom Hauptbahnhof bis zur Logistikfl\u00e4che C2<\/a> am Nordbahnhof f\u00fcr den Abtrans- port des Tunnelaushubs und der anderen Baustellen im Bereich des geplanten Tiefbahn-hoftrogs (incl.SSB-Umbau Staatsgalerie) vollst\u00e4ndig fertiggestellt sind. Ansonsten w\u00fcrde der LKW-Verkehr f\u00fcr den Aushub der Baustellen&#8230;, die in der Umgebung des Kernerviertels liegen, entgegen der Planfeststellung \u00fcber die ohnehin stark belastete B 14 in unmittelbarer N\u00e4he der Feinstaubhochburg Neckartor<a title=\"StZ Feinstaub-Bilanz am Neckartor Mehr statt weniger dicke Luft am Neckartor\" href=\"http:\/\/www.stuttgarter-zeitung.de\/inhalt.feinstaub-bilanz-am-neckartor-mehr-statt-weniger-dicke-luft-am-neckartor.15512565-199f-4284-8b71-53d06cd4ebef.html\" target=\"_blank\" rel=\"noopener noreferrer\"> (StZ <\/a>\/ <a title=\"Kontext Feinstaub ohne Ende? \" href=\"http:\/\/www.kontextwochenzeitung.de\/pulsschlag\/149\/feinstaub-ohne-ende-2009.html\" target=\"_blank\" rel=\"noopener noreferrer\">Kontext<\/a>) abgewickelt werden. Und hier ist f\u00fcr die betroffenen Anwohner des Kernerviertels jeder weitere LKW zuviel&#8230;&#8220;.<\/em><\/p>\n<p style=\"text-align: left;\">Nach <a href=\"http:\/\/netzwerke-21.de\/wordpress\/wp-content\/uploads\/Antwort-Stadt-Stuttgart-auf-Anfrage-LKW-Verkehr.pdf\" target=\"_blank\" rel=\"noopener noreferrer\">Auskunft der Stadtverwaltung auf die Anfrage der GR\u00dcNEN-Fraktion zur Rechtm\u00e4\u00dfigkeit des Abtransport des Aushubs \u00fcber die \u00f6ffentlichen Stra\u00dfen<\/a> hie\u00df es damals, dass dies nach der Planfeststellung ein Jahr lang (ab August 2013) zul\u00e4ssig w\u00e4re: &#8222;<em>Nach derzeitigem Stand ist geplant, die Zentrale Baulogistikfl\u00e4che C2 und das Baustra\u00dfensystem bis Mitte 2014 in Betrieb zu nehmen. Die Anforderungen des Planfeststellungsbeschlusses sind\u00a0 damit erf\u00fcllt.<\/em>&#8222;<\/p>\n<p style=\"text-align: left;\">Damit w\u00e4ren ab August 2014 die Transporte des Aushubs aus den S21- Baugruben des PFA 1.1. (Kanal- und Trogbau sowie SSB-Umbauten) \u00fcber die \u00f6ffentlichen Stra\u00dfen nicht mehr vom Baurecht gedeckt.<\/p>\n<p style=\"text-align: left;\">\n","protected":false},"excerpt":{"rendered":"<p>Die Stadtteilgruppe Nordlichter l\u00e4dt alle Anwohner und Interessierten herzlich ein zu einem Rundgang durch den Stadtteil zum Thema Belastungen f\u00fcr das Nordbahnhof-viertel durch S21: Die Baulogistikstra\u00dfe \u2013 Planung und Realit\u00e4t mit Dr.-Ing. Hans-J\u00f6rg J\u00e4kel am Samstag, 14. Juni 2014, von &hellip; <a href=\"https:\/\/netzwerke-21.de\/?p=2878\">Weiterlesen <span class=\"meta-nav\">&rarr;<\/span><\/a><\/p>\n","protected":false},"author":6,"featured_media":0,"comment_status":"closed","ping_status":"closed","sticky":false,"template":"","format":"standard","meta":{"footnotes":""},"categories":[83,8,41,21,13,43,34,10,24],"tags":[],"class_list":["post-2878","post","type-post","status-publish","format-standard","hentry","category-anwohnerveranstaltung","category-bauarbeiten","category-baulogistik","category-kernerviertel","category-laerm","category-nordbahnhofviertel","category-planfeststellung","category-veranstaltungen","category-verkehr"],"_links":{"self":[{"href":"https:\/\/netzwerke-21.de\/index.php?rest_route=\/wp\/v2\/posts\/2878","targetHints":{"allow":["GET"]}}],"collection":[{"href":"https:\/\/netzwerke-21.de\/index.php?rest_route=\/wp\/v2\/posts"}],"about":[{"href":"https:\/\/netzwerke-21.de\/index.php?rest_route=\/wp\/v2\/types\/post"}],"author":[{"embeddable":true,"href":"https:\/\/netzwerke-21.de\/index.php?rest_route=\/wp\/v2\/users\/6"}],"replies":[{"embeddable":true,"href":"https:\/\/netzwerke-21.de\/index.php?rest_route=%2Fwp%2Fv2%2Fcomments&post=2878"}],"version-history":[{"count":28,"href":"https:\/\/netzwerke-21.de\/index.php?rest_route=\/wp\/v2\/posts\/2878\/revisions"}],"predecessor-version":[{"id":26572,"href":"https:\/\/netzwerke-21.de\/index.php?rest_route=\/wp\/v2\/posts\/2878\/revisions\/26572"}],"wp:attachment":[{"href":"https:\/\/netzwerke-21.de\/index.php?rest_route=%2Fwp%2Fv2%2Fmedia&parent=2878"}],"wp:term":[{"taxonomy":"category","embeddable":true,"href":"https:\/\/netzwerke-21.de\/index.php?rest_route=%2Fwp%2Fv2%2Fcategories&post=2878"},{"taxonomy":"post_tag","embeddable":true,"href":"https:\/\/netzwerke-21.de\/index.php?rest_route=%2Fwp%2Fv2%2Ftags&post=2878"}],"curies":[{"name":"wp","href":"https:\/\/api.w.org\/{rel}","templated":true}]}}