{"id":28779,"date":"2018-06-13T22:22:41","date_gmt":"2018-06-13T20:22:41","guid":{"rendered":"http:\/\/netzwerke-21.de\/?p=28779"},"modified":"2018-06-13T22:22:41","modified_gmt":"2018-06-13T20:22:41","slug":"stz-s%e2%80%8921-ist-ouvertuere-fuer-das-rosensteinviertel","status":"publish","type":"post","link":"https:\/\/netzwerke-21.de\/?p=28779","title":{"rendered":"StZ: \u201eS\u200921 ist Ouvert\u00fcre f\u00fcr das Rosensteinviertel\u201c"},"content":{"rendered":"<p><strong>StZ: <\/strong><a title=\"\" href=\"https:\/\/www.stuttgarter-zeitung.de\/inhalt.s-21-vereinschef-georg-brunnhuber-s-21-ist-ouvertuere-fuer-das-rosensteinviertel.026c6a24-b2ce-4bd3-b103-8ee33340b319.html\" target=\"_blank\" rel=\"noopener\">\u201eS\u200921 ist Ouvert\u00fcre f\u00fcr das Rosensteinviertel\u201c<\/a>: &#8222;<em>Das Turmforum, das f\u00fcr das Bahnprojekt Stuttgart-Ulm wirbt, wird 20 Jahre alt. Georg Brunnhuber, Vorsitzender des die Ausstellung tragenden Vereines, spricht \u00fcber das geplante neue Domizil der Schau und seinen \u00fcberraschenden R\u00fcckzug von der Vereinsspitze. &#8222;<\/em><\/p>\n","protected":false},"excerpt":{"rendered":"<p>StZ: \u201eS\u200921 ist Ouvert\u00fcre f\u00fcr das Rosensteinviertel\u201c: &#8222;Das Turmforum, das f\u00fcr das Bahnprojekt Stuttgart-Ulm wirbt, wird 20 Jahre alt. Georg Brunnhuber, Vorsitzender des die Ausstellung tragenden Vereines, spricht \u00fcber das geplante neue Domizil der Schau und seinen \u00fcberraschenden R\u00fcckzug von &hellip; <a href=\"https:\/\/netzwerke-21.de\/?p=28779\">Weiterlesen <span class=\"meta-nav\">&rarr;<\/span><\/a><\/p>\n","protected":false},"author":6,"featured_media":0,"comment_status":"closed","ping_status":"closed","sticky":false,"template":"","format":"standard","meta":{"footnotes":""},"categories":[1,64,53],"tags":[],"class_list":["post-28779","post","type-post","status-publish","format-standard","hentry","category-allgemein","category-staedtebau","category-zeitplan"],"_links":{"self":[{"href":"https:\/\/netzwerke-21.de\/index.php?rest_route=\/wp\/v2\/posts\/28779","targetHints":{"allow":["GET"]}}],"collection":[{"href":"https:\/\/netzwerke-21.de\/index.php?rest_route=\/wp\/v2\/posts"}],"about":[{"href":"https:\/\/netzwerke-21.de\/index.php?rest_route=\/wp\/v2\/types\/post"}],"author":[{"embeddable":true,"href":"https:\/\/netzwerke-21.de\/index.php?rest_route=\/wp\/v2\/users\/6"}],"replies":[{"embeddable":true,"href":"https:\/\/netzwerke-21.de\/index.php?rest_route=%2Fwp%2Fv2%2Fcomments&post=28779"}],"version-history":[{"count":1,"href":"https:\/\/netzwerke-21.de\/index.php?rest_route=\/wp\/v2\/posts\/28779\/revisions"}],"predecessor-version":[{"id":28780,"href":"https:\/\/netzwerke-21.de\/index.php?rest_route=\/wp\/v2\/posts\/28779\/revisions\/28780"}],"wp:attachment":[{"href":"https:\/\/netzwerke-21.de\/index.php?rest_route=%2Fwp%2Fv2%2Fmedia&parent=28779"}],"wp:term":[{"taxonomy":"category","embeddable":true,"href":"https:\/\/netzwerke-21.de\/index.php?rest_route=%2Fwp%2Fv2%2Fcategories&post=28779"},{"taxonomy":"post_tag","embeddable":true,"href":"https:\/\/netzwerke-21.de\/index.php?rest_route=%2Fwp%2Fv2%2Ftags&post=28779"}],"curies":[{"name":"wp","href":"https:\/\/api.w.org\/{rel}","templated":true}]}}