{"id":28726,"date":"2018-06-10T14:28:27","date_gmt":"2018-06-10T12:28:27","guid":{"rendered":"http:\/\/netzwerke-21.de\/?p=28726"},"modified":"2018-06-10T14:29:47","modified_gmt":"2018-06-10T12:29:47","slug":"stern-sicherheitsexperte-beurteilt-brandschutz-bei-stuttgart-21-es-ist-ein-staatsverbrechen","status":"publish","type":"post","link":"https:\/\/netzwerke-21.de\/?p=28726","title":{"rendered":"Stern: Sicherheitsexperte beurteilt Brandschutz bei Stuttgart 21: &#8222;Es ist ein Staatsverbrechen&#8220;"},"content":{"rendered":"<p><strong>Stern:<\/strong> <a title=\"\" href=\"https:\/\/www.stern.de\/panorama\/gesellschaft\/stuttgart-21--experten-zum-brandschutz-beim-umstrittenen-grossprojekt-8116488.html\" target=\"_blank\" rel=\"noopener\">Sicherheitsexperte beurteilt Brandschutz bei Stuttgart 21: &#8222;Es ist ein Staatsverbrechen&#8220;:<\/a> &#8222;<em>Stuttgart 21 ist Europas gr\u00f6\u00dfte Baustelle. Politik und Bahn sind &#8222;finster entschlossen&#8220; das Gro\u00dfprojekt in Stuttgart durchzuziehen \u2013 obwohl inzwischen feststeht: Es ist nicht nur Unfug, es ist lebensgef\u00e4hrlich. Mit einer Analyse von Arno Luik&#8220;<\/em><\/p>\n","protected":false},"excerpt":{"rendered":"<p>Stern: Sicherheitsexperte beurteilt Brandschutz bei Stuttgart 21: &#8222;Es ist ein Staatsverbrechen&#8220;: &#8222;Stuttgart 21 ist Europas gr\u00f6\u00dfte Baustelle. Politik und Bahn sind &#8222;finster entschlossen&#8220; das Gro\u00dfprojekt in Stuttgart durchzuziehen \u2013 obwohl inzwischen feststeht: Es ist nicht nur Unfug, es ist lebensgef\u00e4hrlich. &hellip; <a href=\"https:\/\/netzwerke-21.de\/?p=28726\">Weiterlesen <span class=\"meta-nav\">&rarr;<\/span><\/a><\/p>\n","protected":false},"author":6,"featured_media":0,"comment_status":"closed","ping_status":"closed","sticky":false,"template":"","format":"standard","meta":{"footnotes":""},"categories":[1,69,40,31,59],"tags":[],"class_list":["post-28726","post","type-post","status-publish","format-standard","hentry","category-allgemein","category-brandschutz","category-bund","category-eisenbahn-bundesamt","category-kosten"],"_links":{"self":[{"href":"https:\/\/netzwerke-21.de\/index.php?rest_route=\/wp\/v2\/posts\/28726","targetHints":{"allow":["GET"]}}],"collection":[{"href":"https:\/\/netzwerke-21.de\/index.php?rest_route=\/wp\/v2\/posts"}],"about":[{"href":"https:\/\/netzwerke-21.de\/index.php?rest_route=\/wp\/v2\/types\/post"}],"author":[{"embeddable":true,"href":"https:\/\/netzwerke-21.de\/index.php?rest_route=\/wp\/v2\/users\/6"}],"replies":[{"embeddable":true,"href":"https:\/\/netzwerke-21.de\/index.php?rest_route=%2Fwp%2Fv2%2Fcomments&post=28726"}],"version-history":[{"count":1,"href":"https:\/\/netzwerke-21.de\/index.php?rest_route=\/wp\/v2\/posts\/28726\/revisions"}],"predecessor-version":[{"id":28727,"href":"https:\/\/netzwerke-21.de\/index.php?rest_route=\/wp\/v2\/posts\/28726\/revisions\/28727"}],"wp:attachment":[{"href":"https:\/\/netzwerke-21.de\/index.php?rest_route=%2Fwp%2Fv2%2Fmedia&parent=28726"}],"wp:term":[{"taxonomy":"category","embeddable":true,"href":"https:\/\/netzwerke-21.de\/index.php?rest_route=%2Fwp%2Fv2%2Fcategories&post=28726"},{"taxonomy":"post_tag","embeddable":true,"href":"https:\/\/netzwerke-21.de\/index.php?rest_route=%2Fwp%2Fv2%2Ftags&post=28726"}],"curies":[{"name":"wp","href":"https:\/\/api.w.org\/{rel}","templated":true}]}}