{"id":28566,"date":"2018-05-16T22:22:32","date_gmt":"2018-05-16T20:22:32","guid":{"rendered":"http:\/\/netzwerke-21.de\/?p=28566"},"modified":"2018-05-19T01:28:28","modified_gmt":"2018-05-18T23:28:28","slug":"fragen-des-netzwerks-kernerviertel-fuer-die-anwohnerveranstaltung-am-05-juni-2018-im-rathaus","status":"publish","type":"post","link":"https:\/\/netzwerke-21.de\/?p=28566","title":{"rendered":"Fragen des Netzwerks Kernerviertel f\u00fcr die Anwohnerveranstaltung am 5.Juni 2018 im Rathaus"},"content":{"rendered":"<p>Am 5.Juni 2018 laden die B\u00fcrgerbeauftragte Alice Kaiser und die Bezirksvorsteherin Veronika Kienzle um 19.30 Uhr zu einer Infoeranstaltung f\u00fcr die Anwohner des Kernerviertels in den gro\u00dfen Saal des Rathauses ein. Die Ank\u00fcndigung auf der Webseite der Stadt Stuttgart finden Sie <a title=\"\" href=\"https:\/\/www.stuttgart.de\/item\/show\/273273\/1\/9\/652271\" target=\"_blank\" rel=\"noopener\">hier<\/a>. Ab morgen wird ein <a title=\"\" href=\"http:\/\/netzwerke-21.de\/wordpress\/wp-content\/uploads\/18_05_17-Einladung_Veranstaltung_Kernerviertel.pdf\" target=\"_blank\" rel=\"noopener\">Flyer<\/a> in die Briefk\u00e4sten des Kernerviertels verteilt.<\/p>\n<p><img loading=\"lazy\" decoding=\"async\" class=\"attachment-900x900 \" src=\"http:\/\/netzwerke-21.de\/wordpress\/wp-content\/uploads\/201803-Luftbild.jpg\" sizes=\"auto, (max-width: 898px) 100vw, 898px\" srcset=\"http:\/\/netzwerke-21.de\/wordpress\/wp-content\/uploads\/201803-Luftbild.jpg 898w, http:\/\/netzwerke-21.de\/wordpress\/wp-content\/uploads\/201803-Luftbild-300x173.jpg 300w, http:\/\/netzwerke-21.de\/wordpress\/wp-content\/uploads\/201803-Luftbild-768x444.jpg 768w\" alt=\"\" width=\"623\" height=\"360\" \/><\/p>\n<p>Wie bei den letzten Veranstaltungen auch hat das Netzwerk Kernerviertel der B\u00fcrgerbeauftragten, der Bahn und der SSB einen Fragenkatalog zu den im n\u00e4chsten Jahr rund um das Kernerviertel anstehenden Bauarbeiten und den damit verbundenen Beeintr\u00e4chtigungen zukommen lassen. Lesen Sie <strong><a title=\"\" href=\"http:\/\/netzwerke-21.de\/wordpress\/wp-content\/uploads\/20180507_Fragen_Anwohnerveranstaltung_Juni-2018.pdf\" target=\"_blank\" rel=\"noopener\">hier<\/a><\/strong>. Die Initiative hakt u.a. auch zu den Hebungsinjektionen, der Erreichbarkeit der neuen SSB-Haltestelle sowie dem Zeitplan f\u00fcr die Rohbauarbeiten rund um das Kernerviertel nach.<\/p>\n","protected":false},"excerpt":{"rendered":"<p>Am 5.Juni 2018 laden die B\u00fcrgerbeauftragte Alice Kaiser und die Bezirksvorsteherin Veronika Kienzle um 19.30 Uhr zu einer Infoeranstaltung f\u00fcr die Anwohner des Kernerviertels in den gro\u00dfen Saal des Rathauses ein. Die Ank\u00fcndigung auf der Webseite der Stadt Stuttgart finden &hellip; <a href=\"https:\/\/netzwerke-21.de\/?p=28566\">Weiterlesen <span class=\"meta-nav\">&rarr;<\/span><\/a><\/p>\n","protected":false},"author":6,"featured_media":0,"comment_status":"closed","ping_status":"closed","sticky":false,"template":"","format":"standard","meta":{"footnotes":""},"categories":[83,8,50,72,21,13,18,11,26,58,4,53],"tags":[],"class_list":["post-28566","post","type-post","status-publish","format-standard","hentry","category-anwohnerveranstaltung","category-bauarbeiten","category-fusswege","category-hebungsinjektionen","category-kernerviertel","category-laerm","category-schreiben-netzwerke","category-ssb","category-stadt-stuttgart","category-tiefbahnhof","category-unterfahrung","category-zeitplan"],"_links":{"self":[{"href":"https:\/\/netzwerke-21.de\/index.php?rest_route=\/wp\/v2\/posts\/28566","targetHints":{"allow":["GET"]}}],"collection":[{"href":"https:\/\/netzwerke-21.de\/index.php?rest_route=\/wp\/v2\/posts"}],"about":[{"href":"https:\/\/netzwerke-21.de\/index.php?rest_route=\/wp\/v2\/types\/post"}],"author":[{"embeddable":true,"href":"https:\/\/netzwerke-21.de\/index.php?rest_route=\/wp\/v2\/users\/6"}],"replies":[{"embeddable":true,"href":"https:\/\/netzwerke-21.de\/index.php?rest_route=%2Fwp%2Fv2%2Fcomments&post=28566"}],"version-history":[{"count":9,"href":"https:\/\/netzwerke-21.de\/index.php?rest_route=\/wp\/v2\/posts\/28566\/revisions"}],"predecessor-version":[{"id":28587,"href":"https:\/\/netzwerke-21.de\/index.php?rest_route=\/wp\/v2\/posts\/28566\/revisions\/28587"}],"wp:attachment":[{"href":"https:\/\/netzwerke-21.de\/index.php?rest_route=%2Fwp%2Fv2%2Fmedia&parent=28566"}],"wp:term":[{"taxonomy":"category","embeddable":true,"href":"https:\/\/netzwerke-21.de\/index.php?rest_route=%2Fwp%2Fv2%2Fcategories&post=28566"},{"taxonomy":"post_tag","embeddable":true,"href":"https:\/\/netzwerke-21.de\/index.php?rest_route=%2Fwp%2Fv2%2Ftags&post=28566"}],"curies":[{"name":"wp","href":"https:\/\/api.w.org\/{rel}","templated":true}]}}