{"id":28145,"date":"2018-04-17T00:00:14","date_gmt":"2018-04-16T22:00:14","guid":{"rendered":"http:\/\/netzwerke-21.de\/?p=28145"},"modified":"2018-04-17T00:00:14","modified_gmt":"2018-04-16T22:00:14","slug":"stzn-gegner-s-21-verstaerkt-die-luftschadstoffe","status":"publish","type":"post","link":"https:\/\/netzwerke-21.de\/?p=28145","title":{"rendered":"StZN: Gegner: S 21 verst\u00e4rkt die Luftschadstoffe"},"content":{"rendered":"<p><strong>StZN: <\/strong><a title=\"\" href=\"https:\/\/www.stuttgarter-nachrichten.de\/inhalt.stuttgart-21-gegner-s-21-verstaerkt-die-luftschadstoffe.41bebed0-fb80-4c35-ac08-b82ae2bd4ef9.html\" target=\"_blank\" rel=\"noopener noreferrer\">Gegner: S 21 verst\u00e4rkt die Luftschadstoffe<\/a>: <em>&#8222;Der Bau des Tiefbahnhofes beim Projekt Stuttgart 21 wird f\u00fcr mehr Feinstaub und Stickstoffdioxid sorgen als der Betrieb des Kopfbahnhofes. Das haben Mitglieder des Aktionsb\u00fcndnisses gegen S 21 am Montag erkl\u00e4rt. Sie st\u00fctzen sich dabei auf eine Studie des Verkehrsberaters Karlheinz R\u00f6\u00dfler aus M\u00fcnchen.&#8220;<\/em><\/p>\n","protected":false},"excerpt":{"rendered":"<p>StZN: Gegner: S 21 verst\u00e4rkt die Luftschadstoffe: &#8222;Der Bau des Tiefbahnhofes beim Projekt Stuttgart 21 wird f\u00fcr mehr Feinstaub und Stickstoffdioxid sorgen als der Betrieb des Kopfbahnhofes. Das haben Mitglieder des Aktionsb\u00fcndnisses gegen S 21 am Montag erkl\u00e4rt. Sie st\u00fctzen &hellip; <a href=\"https:\/\/netzwerke-21.de\/?p=28145\">Weiterlesen <span class=\"meta-nav\">&rarr;<\/span><\/a><\/p>\n","protected":false},"author":6,"featured_media":0,"comment_status":"closed","ping_status":"closed","sticky":false,"template":"","format":"standard","meta":{"footnotes":""},"categories":[46,63,42,73,58],"tags":[],"class_list":["post-28145","post","type-post","status-publish","format-standard","hentry","category-filderbereich","category-leistungsfaehigkeit","category-luftschadstoffe-feinstaub","category-oekologie","category-tiefbahnhof"],"_links":{"self":[{"href":"https:\/\/netzwerke-21.de\/index.php?rest_route=\/wp\/v2\/posts\/28145","targetHints":{"allow":["GET"]}}],"collection":[{"href":"https:\/\/netzwerke-21.de\/index.php?rest_route=\/wp\/v2\/posts"}],"about":[{"href":"https:\/\/netzwerke-21.de\/index.php?rest_route=\/wp\/v2\/types\/post"}],"author":[{"embeddable":true,"href":"https:\/\/netzwerke-21.de\/index.php?rest_route=\/wp\/v2\/users\/6"}],"replies":[{"embeddable":true,"href":"https:\/\/netzwerke-21.de\/index.php?rest_route=%2Fwp%2Fv2%2Fcomments&post=28145"}],"version-history":[{"count":1,"href":"https:\/\/netzwerke-21.de\/index.php?rest_route=\/wp\/v2\/posts\/28145\/revisions"}],"predecessor-version":[{"id":28146,"href":"https:\/\/netzwerke-21.de\/index.php?rest_route=\/wp\/v2\/posts\/28145\/revisions\/28146"}],"wp:attachment":[{"href":"https:\/\/netzwerke-21.de\/index.php?rest_route=%2Fwp%2Fv2%2Fmedia&parent=28145"}],"wp:term":[{"taxonomy":"category","embeddable":true,"href":"https:\/\/netzwerke-21.de\/index.php?rest_route=%2Fwp%2Fv2%2Fcategories&post=28145"},{"taxonomy":"post_tag","embeddable":true,"href":"https:\/\/netzwerke-21.de\/index.php?rest_route=%2Fwp%2Fv2%2Ftags&post=28145"}],"curies":[{"name":"wp","href":"https:\/\/api.w.org\/{rel}","templated":true}]}}