{"id":28011,"date":"2018-03-26T23:34:25","date_gmt":"2018-03-26T21:34:25","guid":{"rendered":"http:\/\/netzwerke-21.de\/?p=28011"},"modified":"2018-05-14T23:28:53","modified_gmt":"2018-05-14T21:28:53","slug":"stuttgart-21-bauzeit-bis-2025-aber-zentrale-baustrasse-soll-unterbrochen-werden-rede-von-dr-hans-joerg-jaekel-auf-der-410-montagsdemo","status":"publish","type":"post","link":"https:\/\/netzwerke-21.de\/?p=28011","title":{"rendered":"Stuttgart 21: Bauzeit bis 2025 &#8211; aber zentrale Baustra\u00dfe soll unterbrochen werden. Rede von Dr. Hans-J\u00f6rg J\u00e4kel auf der 410.Montagsdemo"},"content":{"rendered":"<p>Rede von Dr. Hans-J\u00f6rg J\u00e4kel, Nordlichter, auf der 410.Montagsdemo: Stuttgart 21: Bauzeit bis 2025 &#8211; aber zentrale Baustra\u00dfe soll unterbrochen werden (<a title=\"\" href=\"https:\/\/www.youtube.com\/watch?v=f0B2kw3u9iE&amp;feature=youtu.be\" target=\"_blank\" rel=\"noopener noreferrer\">ab Min. 16:02<\/a>).<\/p>\n","protected":false},"excerpt":{"rendered":"<p>Rede von Dr. Hans-J\u00f6rg J\u00e4kel, Nordlichter, auf der 410.Montagsdemo: Stuttgart 21: Bauzeit bis 2025 &#8211; aber zentrale Baustra\u00dfe soll unterbrochen werden (ab Min. 16:02).<\/p>\n","protected":false},"author":6,"featured_media":0,"comment_status":"closed","ping_status":"closed","sticky":false,"template":"","format":"standard","meta":{"footnotes":""},"categories":[8,41,13,42,43,34,80,26,24],"tags":[],"class_list":["post-28011","post","type-post","status-publish","format-standard","hentry","category-bauarbeiten","category-baulogistik","category-laerm","category-luftschadstoffe-feinstaub","category-nordbahnhofviertel","category-planfeststellung","category-s-bahn","category-stadt-stuttgart","category-verkehr"],"_links":{"self":[{"href":"https:\/\/netzwerke-21.de\/index.php?rest_route=\/wp\/v2\/posts\/28011","targetHints":{"allow":["GET"]}}],"collection":[{"href":"https:\/\/netzwerke-21.de\/index.php?rest_route=\/wp\/v2\/posts"}],"about":[{"href":"https:\/\/netzwerke-21.de\/index.php?rest_route=\/wp\/v2\/types\/post"}],"author":[{"embeddable":true,"href":"https:\/\/netzwerke-21.de\/index.php?rest_route=\/wp\/v2\/users\/6"}],"replies":[{"embeddable":true,"href":"https:\/\/netzwerke-21.de\/index.php?rest_route=%2Fwp%2Fv2%2Fcomments&post=28011"}],"version-history":[{"count":5,"href":"https:\/\/netzwerke-21.de\/index.php?rest_route=\/wp\/v2\/posts\/28011\/revisions"}],"predecessor-version":[{"id":28554,"href":"https:\/\/netzwerke-21.de\/index.php?rest_route=\/wp\/v2\/posts\/28011\/revisions\/28554"}],"wp:attachment":[{"href":"https:\/\/netzwerke-21.de\/index.php?rest_route=%2Fwp%2Fv2%2Fmedia&parent=28011"}],"wp:term":[{"taxonomy":"category","embeddable":true,"href":"https:\/\/netzwerke-21.de\/index.php?rest_route=%2Fwp%2Fv2%2Fcategories&post=28011"},{"taxonomy":"post_tag","embeddable":true,"href":"https:\/\/netzwerke-21.de\/index.php?rest_route=%2Fwp%2Fv2%2Ftags&post=28011"}],"curies":[{"name":"wp","href":"https:\/\/api.w.org\/{rel}","templated":true}]}}