{"id":27943,"date":"2018-03-23T21:41:13","date_gmt":"2018-03-23T19:41:13","guid":{"rendered":"http:\/\/netzwerke-21.de\/?p=27943"},"modified":"2018-09-05T13:04:31","modified_gmt":"2018-09-05T11:04:31","slug":"nordlichter-haken-beim-eba-nach-s21-bauzeit-bis-2025-verlaengert-aber-die-baulogistikstrasse-c-soll-weit-vorher-unterbrochen-werden","status":"publish","type":"post","link":"https:\/\/netzwerke-21.de\/?p=27943","title":{"rendered":"Nordlichter haken beim EBA nach: Bauzeit bis 2025 verl\u00e4ngert &#8211; aber Baulogistikstra\u00dfe soll jetzt unterbrochen werden"},"content":{"rendered":"<p>Die Baulogistikstra\u00dfe wurde in der vor der Volksabstimmung verteilten Werbebrosch\u00fcre der Bahn f\u00fcr Stuttgart 21 als ein <a title=\"Stuttgart 21- Ein r\u00fccksichtsvolles Baustellenkonzept ?\" href=\"http:\/\/netzwerke-21.de\/?p=7947\" target=\"_blank\" rel=\"noopener noreferrer\">\u201e<em>r\u00fccksichtsvolles Baustellenkonzept<\/em>\u201c <\/a>mit dem An- und Abtransport des Baumaterials und des Aushubs \u00fcber ein gesondertes Baustellenstra\u00dfennetz und der Schiene angepriesen. Von der Nutzung des \u00f6ffentlichen Stra\u00dfennetzes war keine Rede. Doch die Baulogistikstra\u00dfe wurde erst im M\u00e4rz 2015 mit einer deutlichen Versp\u00e4tung\u00a0 in Betrieb genommen.<\/p>\n<p>Diese Woche verk\u00fcndete die Projektgesellschaft auf einer Pressekonferenz, <a title=\"StZ: Alte Bahnbr\u00fccke weicht Tunnel \/ StN: Im Norden rollen bald die Laster\" href=\"http:\/\/netzwerke-21.de\/?p=27905\" target=\"_blank\" rel=\"noopener noreferrer\">dass ab 1.April die Baulogistikstra\u00dfe wegen dem Bau des S-Bahn-Tunnels f\u00fcr 800 Meter nicht mehr zur Verf\u00fcgung steht<\/a>.\u00a0 Rund 1,4 Millionen Aushub sollen dann bis Mitte 2019 wieder \u00fcber \u00f6ffentliche Stra\u00dfen im Nordbahnhofviertel transportiert werden. Auch auf dem B\u00fcrgerstammmtisch des Infoladens im Nordbahnhofviertel wurde am Dienstag im Zuge der in 2018 geplanten Bauarbeiten an der S-Bahn-Br\u00fccke dar\u00fcber informiert. Die Pr\u00e4sentation der Projektgesellschaft k\u00f6nnen <a title=\"\" href=\"http:\/\/netzwerke-21.de\/wordpress\/wp-content\/uploads\/20180320_B\u00fcrgerstammtisch-Nord_Los4S\u00fcd_Anbindung-S-Bahn-an-Hbf.pdf\" target=\"_blank\" rel=\"noopener noreferrer\">hier <\/a>abrufen.\u00a0 Darin ist diese Grafik enthalten, die die Fahrrouten der Lkws \u00fcber die Nordbahnhof- und Rosensteinstra\u00dfe aufzeigt:<\/p>\n<p><img loading=\"lazy\" decoding=\"async\" class=\"attachment-900x900 \" src=\"http:\/\/netzwerke-21.de\/wordpress\/wp-content\/uploads\/20180320-Auszug-Baulogistikstra\u00dfe.jpg\" sizes=\"auto, (max-width: 872px) 100vw, 872px\" srcset=\"http:\/\/netzwerke-21.de\/wordpress\/wp-content\/uploads\/20180320-Auszug-Baulogistikstra\u00dfe.jpg 872w, http:\/\/netzwerke-21.de\/wordpress\/wp-content\/uploads\/20180320-Auszug-Baulogistikstra\u00dfe-300x207.jpg 300w, http:\/\/netzwerke-21.de\/wordpress\/wp-content\/uploads\/20180320-Auszug-Baulogistikstra\u00dfe-768x531.jpg 768w\" alt=\"\" width=\"649\" height=\"449\" \/><\/p>\n<p><a title=\"Erneute jahrelange gro\u00dfe Belastung des Nordbahnhofviertels durch S21-Bau bef\u00fcrchtet: Stadtteilgruppe \u201eNordlichter\u201c wartet auf Antworten von der Stadt\" href=\"http:\/\/netzwerke-21.de\/?p=26146\" target=\"_blank\" rel=\"noopener noreferrer\">Die Nordlichter hatten sich bereits im November 2017 an die Stadt Stuttgart gewandt,<\/a> weil damals der R\u00fcckbau der Baulogistikstra\u00dfe f\u00fcr Ende 2018 angek\u00fcndigt wurde. Bis heute haben sie von der Stadt Stuttgart keine Antwort erhalten. Nach der neusten Information der Projektgesellschaft haben sie sich jetzt direkt an das Eisenbahn-Bundesamt mit folgendem Schreiben gewandt:<\/p>\n<p><em>&#8222;Im letzten Herbst (<span class=\"cmp_parsed_date\" data-cmp_parsed_date=\"2017-10-09\" data-ce-class=\"Dates\">9.10.2017<\/span>) hatten die Herren Dr. Bitzer, Lienhardt und Tigges von der DB im Bezirksbeirat Nord \u00fcber S21 berichtet. [<a title=\"Zur Pr\u00e4sentation der Bahn im Bezirksbeirat Nord\" href=\"http:\/\/netzwerke-21.de\/?p=25531\" target=\"_blank\" rel=\"noopener noreferrer\">Netzwerk-Beitrag<\/a>] Da hie\u00df es auf Nachfrage noch, dass die Baulogistik im aktuellen Zustand bis Ende 2018 in Betrieb bleiben soll. Damals sollte das Projekt Ende 2021 in Betrieb genommen werden. <\/em><em>Schon da hatten wir (auch schriftlich) gefragt, ob nach dem Transport von bisher knapp 6 Mio. t Abraum nun in einem Jahr die restlichen 2 Mio. t \u00fcber die Baulogistikstra\u00dfe abtransportiert werden k\u00f6nnen &#8211; erhielten aber von der Stadtverwaltung <span class=\"cmp_parsed_location\" data-cmp_parsed_location_name=\"Stuttgart\" data-cmp_parsed_location_weather=\"K08111000\" data-cmp_parsed_location_other=\"0\" data-ce-class=\"Locations\">Stuttgart<\/span> keine Antwort.<\/em><\/p>\n<p><em>Jetzt wurde bei einer PK der DB und bei einer B\u00fcrgerinformation (Anhang S.32-40) berichtet, dass die Baulogstra\u00dfe zwischen Wolframstra\u00dfe und Rosensteinstra\u00dfe unterbrochen und der Verkehr (200 LKW t\u00e4glich je Richtung) auf 800m L\u00e4nge nun \u00fcber \u00f6ffentliche Stra\u00dfen erfolgen soll &#8211; ab Ende M\u00e4rz in einer Richtung, ab <span class=\"cmp_parsed_date\" data-cmp_parsed_date=\"2018-04-01\" data-ce-class=\"Dates\">1.April<\/span> in beiden (leider kein Aprilscherz).<\/em><\/p>\n<p><em>Wir haben uns intensiv f\u00fcr eine (nicht zu stark versp\u00e4tete) Inbetriebnahme der Baulogistikstra\u00dfen eingesetzt und generell lief der Transport des Abraums \u00fcber diese Stra\u00dfen seit 2015 ordnungsgem\u00e4\u00df ab.<\/em><\/p>\n<p><em>Dass aber jetzt trotz massiver Versp\u00e4tung beim Bauablauf im PFA 1.1 und damit auch einem um Jahre verz\u00f6gerten Anfall der <\/em><em>entsprechenden Abraummassen (nach unserer Information noch etwa 1 Mio.t) die f\u00fcr den st\u00f6rungsfreien Abtransport au\u00dferhalb der<\/em><br \/>\n<em>\u00f6ffentlichen Stra\u00dfen in der <a title=\"\" href=\"http:\/\/plaene-bahnprojekt-stuttgart-ulm.de\/index.php?dir=S21-Neuordnung-Bahnknoten-Stuttgart%2FPFA-1-1-Talquerung-mit-Hauptbahnhof%2F00_PA%2FBand15_bis_10_2_7_11_bis_13%2F13%2F&amp;download=13_Baulogistik_Erlaeuterungsbericht.pdf\" target=\"_blank\" rel=\"noopener noreferrer\">Planfeststellung<\/a> <\/em><em>vorgesehene Baulogistikstra\u00dfe C an einer neuralgischen Stelle unterbrochen und der Schwerlastverkehr auf 800m durch bereits <span class=\"cmp_parsed_date\" data-cmp_parsed_date=\"2018-03-23\" data-ce-class=\"Dates\">heute<\/span> hoch belastete Stra\u00dfen &#8211; Wolfram-, Nordbahnhof- und Rosensteinstra\u00dfe &#8211; gef\u00fchrt werden soll, das k\u00f6nnen wir in keiner Weise nachvollziehen.<\/em><\/p>\n<p><strong><em>Wir fordern das EBA als Genehmigungs- und Aufsichtsbeh\u00f6rde f\u00fcr das Projekt Stuttgart21 auf, den Betrieb der Baulogistikstra\u00dfe C &#8211; wie in der Planfeststellung vorgesehen &#8211; so lange sicherzustellen, bis der Abraum aus dem PFA 1.1 vollst\u00e4ndig abtransportiert ist. <\/em><\/strong><em><strong>Bei noch offenen 1 Mio. t geht es um 50.000 LKW-Fahrten &#8211; mit R\u00fcckfahrt um 100.000, also um eine ganz wesentliche Gr\u00f6\u00dfenordnung<\/strong>. Au\u00dferdem ist die Baulogistikstra\u00dfe C ja auch zur Andienung der Baustelle vorgesehen.&#8220;<\/em><\/p>\n","protected":false},"excerpt":{"rendered":"<p>Die Baulogistikstra\u00dfe wurde in der vor der Volksabstimmung verteilten Werbebrosch\u00fcre der Bahn f\u00fcr Stuttgart 21 als ein \u201er\u00fccksichtsvolles Baustellenkonzept\u201c mit dem An- und Abtransport des Baumaterials und des Aushubs \u00fcber ein gesondertes Baustellenstra\u00dfennetz und der Schiene angepriesen. Von der Nutzung &hellip; <a href=\"https:\/\/netzwerke-21.de\/?p=27943\">Weiterlesen <span class=\"meta-nav\">&rarr;<\/span><\/a><\/p>\n","protected":false},"author":6,"featured_media":0,"comment_status":"closed","ping_status":"closed","sticky":false,"template":"","format":"standard","meta":{"footnotes":""},"categories":[41,13,43,26,24],"tags":[],"class_list":["post-27943","post","type-post","status-publish","format-standard","hentry","category-baulogistik","category-laerm","category-nordbahnhofviertel","category-stadt-stuttgart","category-verkehr"],"_links":{"self":[{"href":"https:\/\/netzwerke-21.de\/index.php?rest_route=\/wp\/v2\/posts\/27943","targetHints":{"allow":["GET"]}}],"collection":[{"href":"https:\/\/netzwerke-21.de\/index.php?rest_route=\/wp\/v2\/posts"}],"about":[{"href":"https:\/\/netzwerke-21.de\/index.php?rest_route=\/wp\/v2\/types\/post"}],"author":[{"embeddable":true,"href":"https:\/\/netzwerke-21.de\/index.php?rest_route=\/wp\/v2\/users\/6"}],"replies":[{"embeddable":true,"href":"https:\/\/netzwerke-21.de\/index.php?rest_route=%2Fwp%2Fv2%2Fcomments&post=27943"}],"version-history":[{"count":13,"href":"https:\/\/netzwerke-21.de\/index.php?rest_route=\/wp\/v2\/posts\/27943\/revisions"}],"predecessor-version":[{"id":28334,"href":"https:\/\/netzwerke-21.de\/index.php?rest_route=\/wp\/v2\/posts\/27943\/revisions\/28334"}],"wp:attachment":[{"href":"https:\/\/netzwerke-21.de\/index.php?rest_route=%2Fwp%2Fv2%2Fmedia&parent=27943"}],"wp:term":[{"taxonomy":"category","embeddable":true,"href":"https:\/\/netzwerke-21.de\/index.php?rest_route=%2Fwp%2Fv2%2Fcategories&post=27943"},{"taxonomy":"post_tag","embeddable":true,"href":"https:\/\/netzwerke-21.de\/index.php?rest_route=%2Fwp%2Fv2%2Ftags&post=27943"}],"curies":[{"name":"wp","href":"https:\/\/api.w.org\/{rel}","templated":true}]}}