{"id":27685,"date":"2018-02-15T23:07:57","date_gmt":"2018-02-15T21:07:57","guid":{"rendered":"http:\/\/netzwerke-21.de\/?p=27685"},"modified":"2018-02-15T23:07:57","modified_gmt":"2018-02-15T21:07:57","slug":"baa-fraktionsgemeinschaft-soes-linke-plus-schreibt-an-db-aufsichtsrat","status":"publish","type":"post","link":"https:\/\/netzwerke-21.de\/?p=27685","title":{"rendered":"BAA: Fraktionsgemeinschaft S\u00d6S-LINKE-PluS schreibt an DB-Aufsichtsrat"},"content":{"rendered":"<p><strong>BAA:<\/strong> <a title=\"Permanentlink zu Fraktionsgemeinschaft S\u00d6S-LINKE-PluS schreibt an DB-Aufsichtsrat\" href=\"https:\/\/www.bei-abriss-aufstand.de\/2018\/02\/14\/fraktionsgemeinschaft-soes-linke-plus-schreibt-an-db-aufsichtsrat\/\" rel=\"bookmark\">Fraktionsgemeinschaft S\u00d6S-LINKE-PluS schreibt an DB-Aufsichtsrat:\u00a0 &#8222;<\/a><em>Sehr geehrter Herr Prof. Felcht, am 7. Februar fand eine Sitzung des Stuttgarter Gemeinderats zum Bahnprojekt Stuttgart 21 statt. Von Seiten der Bahn AG waren Manfred Leger, Peter Sturm und Florian Bitzer anwesend. Als demokratisch gew\u00e4hlte Vertreter_innen im Stuttgarter Gemeinderat und somit auch Projektpartner bei Stuttgart 21 haben wir ein hohes Interesse daran, f\u00fcr Transparenz zu sorgen und endlich verl\u00e4ssliche Kosten- und Zeitpl\u00e4ne zu erhalten. Im Rahmen der Ausschusssitzung wurde uns von Herrn Leger nahegelegt, uns an Sie als Aufsichtsratsvorsitzenden der Bahn AG zu wenden, um offene Fragen zu kl\u00e4ren. Konkret geht es darum, dass wir gerne folgende Informationen h\u00e4tten:&#8230;&#8220;<\/em><\/p>\n","protected":false},"excerpt":{"rendered":"<p>BAA: Fraktionsgemeinschaft S\u00d6S-LINKE-PluS schreibt an DB-Aufsichtsrat:\u00a0 &#8222;Sehr geehrter Herr Prof. Felcht, am 7. Februar fand eine Sitzung des Stuttgarter Gemeinderats zum Bahnprojekt Stuttgart 21 statt. Von Seiten der Bahn AG waren Manfred Leger, Peter Sturm und Florian Bitzer anwesend. Als &hellip; <a href=\"https:\/\/netzwerke-21.de\/?p=27685\">Weiterlesen <span class=\"meta-nav\">&rarr;<\/span><\/a><\/p>\n","protected":false},"author":6,"featured_media":0,"comment_status":"closed","ping_status":"closed","sticky":false,"template":"","format":"standard","meta":{"footnotes":""},"categories":[69,46,59,63,73,26,53],"tags":[],"class_list":["post-27685","post","type-post","status-publish","format-standard","hentry","category-brandschutz","category-filderbereich","category-kosten","category-leistungsfaehigkeit","category-oekologie","category-stadt-stuttgart","category-zeitplan"],"_links":{"self":[{"href":"https:\/\/netzwerke-21.de\/index.php?rest_route=\/wp\/v2\/posts\/27685","targetHints":{"allow":["GET"]}}],"collection":[{"href":"https:\/\/netzwerke-21.de\/index.php?rest_route=\/wp\/v2\/posts"}],"about":[{"href":"https:\/\/netzwerke-21.de\/index.php?rest_route=\/wp\/v2\/types\/post"}],"author":[{"embeddable":true,"href":"https:\/\/netzwerke-21.de\/index.php?rest_route=\/wp\/v2\/users\/6"}],"replies":[{"embeddable":true,"href":"https:\/\/netzwerke-21.de\/index.php?rest_route=%2Fwp%2Fv2%2Fcomments&post=27685"}],"version-history":[{"count":1,"href":"https:\/\/netzwerke-21.de\/index.php?rest_route=\/wp\/v2\/posts\/27685\/revisions"}],"predecessor-version":[{"id":27686,"href":"https:\/\/netzwerke-21.de\/index.php?rest_route=\/wp\/v2\/posts\/27685\/revisions\/27686"}],"wp:attachment":[{"href":"https:\/\/netzwerke-21.de\/index.php?rest_route=%2Fwp%2Fv2%2Fmedia&parent=27685"}],"wp:term":[{"taxonomy":"category","embeddable":true,"href":"https:\/\/netzwerke-21.de\/index.php?rest_route=%2Fwp%2Fv2%2Fcategories&post=27685"},{"taxonomy":"post_tag","embeddable":true,"href":"https:\/\/netzwerke-21.de\/index.php?rest_route=%2Fwp%2Fv2%2Ftags&post=27685"}],"curies":[{"name":"wp","href":"https:\/\/api.w.org\/{rel}","templated":true}]}}