{"id":27548,"date":"2018-02-07T22:57:30","date_gmt":"2018-02-07T20:57:30","guid":{"rendered":"http:\/\/netzwerke-21.de\/?p=27548"},"modified":"2018-02-07T22:57:30","modified_gmt":"2018-02-07T20:57:30","slug":"kontext-ohne-s-21-genauso-schnell","status":"publish","type":"post","link":"https:\/\/netzwerke-21.de\/?p=27548","title":{"rendered":"Kontext: Ohne S 21 genauso schnell"},"content":{"rendered":"<p><strong>Kontext:<\/strong> <a title=\"\" href=\"https:\/\/www.kontextwochenzeitung.de\/politik\/358\/ohne-s-21-genauso-schnell-4896.html\" target=\"_blank\" rel=\"noopener noreferrer\">Ohne S 21 genauso schnell<\/a>: <em>&#8222;Die Neubaustrecke Wendlingen-Ulm wird deutlich vor Stuttgart 21 fertig, die Bahn pr\u00fcft nun ihre vorzeitige Inbetriebnahme. Mit nur kleinen Erg\u00e4nzungen k\u00f6nnte sich zeigen: F\u00fcr die versprochenen Fahrzeitverk\u00fcrzungen braucht man den Tiefbahnhof gar nicht.&#8220;<\/em><\/p>\n","protected":false},"excerpt":{"rendered":"<p>Kontext: Ohne S 21 genauso schnell: &#8222;Die Neubaustrecke Wendlingen-Ulm wird deutlich vor Stuttgart 21 fertig, die Bahn pr\u00fcft nun ihre vorzeitige Inbetriebnahme. Mit nur kleinen Erg\u00e4nzungen k\u00f6nnte sich zeigen: F\u00fcr die versprochenen Fahrzeitverk\u00fcrzungen braucht man den Tiefbahnhof gar nicht.&#8220;<\/p>\n","protected":false},"author":6,"featured_media":0,"comment_status":"closed","ping_status":"closed","sticky":false,"template":"","format":"standard","meta":{"footnotes":""},"categories":[63,54,53],"tags":[],"class_list":["post-27548","post","type-post","status-publish","format-standard","hentry","category-leistungsfaehigkeit","category-neubaustrecke-stgt-ulm","category-zeitplan"],"_links":{"self":[{"href":"https:\/\/netzwerke-21.de\/index.php?rest_route=\/wp\/v2\/posts\/27548","targetHints":{"allow":["GET"]}}],"collection":[{"href":"https:\/\/netzwerke-21.de\/index.php?rest_route=\/wp\/v2\/posts"}],"about":[{"href":"https:\/\/netzwerke-21.de\/index.php?rest_route=\/wp\/v2\/types\/post"}],"author":[{"embeddable":true,"href":"https:\/\/netzwerke-21.de\/index.php?rest_route=\/wp\/v2\/users\/6"}],"replies":[{"embeddable":true,"href":"https:\/\/netzwerke-21.de\/index.php?rest_route=%2Fwp%2Fv2%2Fcomments&post=27548"}],"version-history":[{"count":1,"href":"https:\/\/netzwerke-21.de\/index.php?rest_route=\/wp\/v2\/posts\/27548\/revisions"}],"predecessor-version":[{"id":27549,"href":"https:\/\/netzwerke-21.de\/index.php?rest_route=\/wp\/v2\/posts\/27548\/revisions\/27549"}],"wp:attachment":[{"href":"https:\/\/netzwerke-21.de\/index.php?rest_route=%2Fwp%2Fv2%2Fmedia&parent=27548"}],"wp:term":[{"taxonomy":"category","embeddable":true,"href":"https:\/\/netzwerke-21.de\/index.php?rest_route=%2Fwp%2Fv2%2Fcategories&post=27548"},{"taxonomy":"post_tag","embeddable":true,"href":"https:\/\/netzwerke-21.de\/index.php?rest_route=%2Fwp%2Fv2%2Ftags&post=27548"}],"curies":[{"name":"wp","href":"https:\/\/api.w.org\/{rel}","templated":true}]}}