{"id":27412,"date":"2018-01-28T20:20:49","date_gmt":"2018-01-28T18:20:49","guid":{"rendered":"http:\/\/netzwerke-21.de\/?p=27412"},"modified":"2018-01-28T20:20:49","modified_gmt":"2018-01-28T18:20:49","slug":"stzn-fahrgaeste-sind-zurueck-geschaeftsleute-atmen-auf","status":"publish","type":"post","link":"https:\/\/netzwerke-21.de\/?p=27412","title":{"rendered":"StZN: Fahrg\u00e4ste sind zur\u00fcck \u2013 Gesch\u00e4ftsleute atmen auf"},"content":{"rendered":"<p><strong>StZN:<\/strong> <a title=\"\" href=\"https:\/\/www.stuttgarter-zeitung.de\/inhalt.haltestelle-charlottenplatz-freudentraenen-des-wiedersehens.7d90abce-84ac-4117-8f93-d48dcae2eba2.html\" target=\"_blank\" rel=\"noopener noreferrer\">Fahrg\u00e4ste sind zur\u00fcck \u2013 Gesch\u00e4ftsleute atmen auf<\/a>: &#8222;<em>Seit der Charlottenplatz wieder von mehr Bahnen angesteuert wird, ist das Leben zur\u00fcckgekehrt. Auch die Kundschaft ist wieder da. Doch die Durststrecke h\u00e4tte manche Kioske beinahe die Existenz gekostet.&#8220;<\/em><\/p>\n","protected":false},"excerpt":{"rendered":"<p>StZN: Fahrg\u00e4ste sind zur\u00fcck \u2013 Gesch\u00e4ftsleute atmen auf: &#8222;Seit der Charlottenplatz wieder von mehr Bahnen angesteuert wird, ist das Leben zur\u00fcckgekehrt. Auch die Kundschaft ist wieder da. Doch die Durststrecke h\u00e4tte manche Kioske beinahe die Existenz gekostet.&#8220;<\/p>\n","protected":false},"author":6,"featured_media":0,"comment_status":"closed","ping_status":"closed","sticky":false,"template":"","format":"standard","meta":{"footnotes":""},"categories":[21,11,58],"tags":[],"class_list":["post-27412","post","type-post","status-publish","format-standard","hentry","category-kernerviertel","category-ssb","category-tiefbahnhof"],"_links":{"self":[{"href":"https:\/\/netzwerke-21.de\/index.php?rest_route=\/wp\/v2\/posts\/27412","targetHints":{"allow":["GET"]}}],"collection":[{"href":"https:\/\/netzwerke-21.de\/index.php?rest_route=\/wp\/v2\/posts"}],"about":[{"href":"https:\/\/netzwerke-21.de\/index.php?rest_route=\/wp\/v2\/types\/post"}],"author":[{"embeddable":true,"href":"https:\/\/netzwerke-21.de\/index.php?rest_route=\/wp\/v2\/users\/6"}],"replies":[{"embeddable":true,"href":"https:\/\/netzwerke-21.de\/index.php?rest_route=%2Fwp%2Fv2%2Fcomments&post=27412"}],"version-history":[{"count":1,"href":"https:\/\/netzwerke-21.de\/index.php?rest_route=\/wp\/v2\/posts\/27412\/revisions"}],"predecessor-version":[{"id":27413,"href":"https:\/\/netzwerke-21.de\/index.php?rest_route=\/wp\/v2\/posts\/27412\/revisions\/27413"}],"wp:attachment":[{"href":"https:\/\/netzwerke-21.de\/index.php?rest_route=%2Fwp%2Fv2%2Fmedia&parent=27412"}],"wp:term":[{"taxonomy":"category","embeddable":true,"href":"https:\/\/netzwerke-21.de\/index.php?rest_route=%2Fwp%2Fv2%2Fcategories&post=27412"},{"taxonomy":"post_tag","embeddable":true,"href":"https:\/\/netzwerke-21.de\/index.php?rest_route=%2Fwp%2Fv2%2Ftags&post=27412"}],"curies":[{"name":"wp","href":"https:\/\/api.w.org\/{rel}","templated":true}]}}