{"id":27370,"date":"2018-01-23T22:35:27","date_gmt":"2018-01-23T20:35:27","guid":{"rendered":"http:\/\/netzwerke-21.de\/?p=27370"},"modified":"2018-01-23T22:54:03","modified_gmt":"2018-01-23T20:54:03","slug":"stzn-klares-nein-zu-umplanung-am-flughafen","status":"publish","type":"post","link":"https:\/\/netzwerke-21.de\/?p=27370","title":{"rendered":"StZN: Klares Nein zu Umplanung am Flughafen"},"content":{"rendered":"<p><strong>StZN:<\/strong> <a title=\"\" href=\"https:\/\/www.stuttgarter-nachrichten.de\/inhalt.stuttgart-21-klares-nein-zu-umplanung-am-flughafen.572e6c27-8730-4c82-8e74-3f3cb75cf1a9.html\" target=\"_blank\" rel=\"noopener noreferrer\">Klares Nein zu Umplanung am Flughafen:<\/a> &#8222;<em>Die Stadtr\u00e4te sind sich einig: Bahnvorstand Ronald Pofalla muss den Tiefhalt wie geplant umsetzen. Ein Grund f\u00fcr die Umplanung scheint eine fehlende Genehmigung der Bahn zu sein. [..] OB Fritz Kuhn (Gr\u00fcne) offenbarte am Dienstag im Technikausschuss des Gemeinderats einen weiteren m\u00f6glichen Grund f\u00fcr die Umplanung: \u201eDie Bahn hat keine Brandschutzgenehmigung f\u00fcr den Bau.[&#8230;] F\u00fcr den Abschnitt 1.3a mit dem Tiefhalt am Airport l\u00e4gen alle Genehmigungen vor, nicht aber f\u00fcr den Abschnitt 1.3b, der ja noch im Verfahren sei, sagte ein Sprecher auf Anfrage.&#8220;<br \/>\n<\/em><\/p>\n","protected":false},"excerpt":{"rendered":"<p>StZN: Klares Nein zu Umplanung am Flughafen: &#8222;Die Stadtr\u00e4te sind sich einig: Bahnvorstand Ronald Pofalla muss den Tiefhalt wie geplant umsetzen. Ein Grund f\u00fcr die Umplanung scheint eine fehlende Genehmigung der Bahn zu sein. [..] OB Fritz Kuhn (Gr\u00fcne) offenbarte &hellip; <a href=\"https:\/\/netzwerke-21.de\/?p=27370\">Weiterlesen <span class=\"meta-nav\">&rarr;<\/span><\/a><\/p>\n","protected":false},"author":6,"featured_media":0,"comment_status":"closed","ping_status":"closed","sticky":false,"template":"","format":"standard","meta":{"footnotes":""},"categories":[69,46,63,80,26],"tags":[],"class_list":["post-27370","post","type-post","status-publish","format-standard","hentry","category-brandschutz","category-filderbereich","category-leistungsfaehigkeit","category-s-bahn","category-stadt-stuttgart"],"_links":{"self":[{"href":"https:\/\/netzwerke-21.de\/index.php?rest_route=\/wp\/v2\/posts\/27370","targetHints":{"allow":["GET"]}}],"collection":[{"href":"https:\/\/netzwerke-21.de\/index.php?rest_route=\/wp\/v2\/posts"}],"about":[{"href":"https:\/\/netzwerke-21.de\/index.php?rest_route=\/wp\/v2\/types\/post"}],"author":[{"embeddable":true,"href":"https:\/\/netzwerke-21.de\/index.php?rest_route=\/wp\/v2\/users\/6"}],"replies":[{"embeddable":true,"href":"https:\/\/netzwerke-21.de\/index.php?rest_route=%2Fwp%2Fv2%2Fcomments&post=27370"}],"version-history":[{"count":2,"href":"https:\/\/netzwerke-21.de\/index.php?rest_route=\/wp\/v2\/posts\/27370\/revisions"}],"predecessor-version":[{"id":27372,"href":"https:\/\/netzwerke-21.de\/index.php?rest_route=\/wp\/v2\/posts\/27370\/revisions\/27372"}],"wp:attachment":[{"href":"https:\/\/netzwerke-21.de\/index.php?rest_route=%2Fwp%2Fv2%2Fmedia&parent=27370"}],"wp:term":[{"taxonomy":"category","embeddable":true,"href":"https:\/\/netzwerke-21.de\/index.php?rest_route=%2Fwp%2Fv2%2Fcategories&post=27370"},{"taxonomy":"post_tag","embeddable":true,"href":"https:\/\/netzwerke-21.de\/index.php?rest_route=%2Fwp%2Fv2%2Ftags&post=27370"}],"curies":[{"name":"wp","href":"https:\/\/api.w.org\/{rel}","templated":true}]}}