{"id":27312,"date":"2018-01-15T21:30:04","date_gmt":"2018-01-15T19:30:04","guid":{"rendered":"http:\/\/netzwerke-21.de\/?p=27312"},"modified":"2018-01-16T19:32:47","modified_gmt":"2018-01-16T17:32:47","slug":"zur-400-montagsdemo-swr-keine-reine-kultveranstaltung-das-sind-die-wichtigsten-fragen-und-antworten","status":"publish","type":"post","link":"https:\/\/netzwerke-21.de\/?p=27312","title":{"rendered":"Presseberichte und Videos zur 400. Montagsdemo"},"content":{"rendered":"<p><strong>SWR:<\/strong> <a title=\"\" href=\"https:\/\/www.swr.de\/swraktuell\/bw\/umstrittenes-bahnprojekt-stuttgart-21-das-sind-die-wichtigsten-fragen-und-antworten\/-\/id=1622\/did=20972570\/nid=1622\/1wv7pjw\/index.html\" target=\"_blank\" rel=\"noopener noreferrer\">&#8222;Keine reine Kultveranstaltung&#8220; (Harald Kirchner) \/<span class=\"headline small\">Das sind die wichtigsten Fragen und Antworten: <\/span><\/a><span class=\"headline small\">&#8222;[&#8230;] <em>Sind die Montagsdemonstranten eine Truppe verbitterter ewig Gestriger?: <\/em><\/span><em><span class=\"headline small\">Die Montagsdemos f\u00fchren allw\u00f6chentlich vor Augen, dass im Prospekt von Stuttgart 21 etwas anderes gestanden hat als das, was im Ergebnis zu erwarten ist. Die Demonstration stellt durch ihre Existenz stets die Frage nach der Glaubw\u00fcrdigkeit politischer Entscheidungen. Sie ist damit eine stete Mahnung an alle politischen Entscheidungstr\u00e4ger, bei der Durchsetzung ihrer Ziele Transparenz und Wahrhaftigkeit zu wahren.&#8220;<\/span><\/em><\/p>\n<p><img loading=\"lazy\" decoding=\"async\" class=\"attachment-900x900 \" src=\"http:\/\/netzwerke-21.de\/wordpress\/wp-content\/uploads\/C20180115-Twitter-Transparent.jpg\" sizes=\"auto, (max-width: 598px) 100vw, 598px\" srcset=\"http:\/\/netzwerke-21.de\/wordpress\/wp-content\/uploads\/C20180115-Twitter-Transparent.jpg 598w, http:\/\/netzwerke-21.de\/wordpress\/wp-content\/uploads\/C20180115-Twitter-Transparent-150x150.jpg 150w, http:\/\/netzwerke-21.de\/wordpress\/wp-content\/uploads\/C20180115-Twitter-Transparent-300x298.jpg 300w\" alt=\"\" width=\"489\" height=\"485\" \/><\/p>\n<p><strong>SZ<\/strong>: <a title=\"\" href=\"http:\/\/www.sueddeutsche.de\/politik\/stuttgart-demos-und-kein-ende-in-sicht-1.3827180\" target=\"_blank\" rel=\"noopener noreferrer\"><span class=\"nowrap\">400<\/span> Demos und kein Ende in Sicht<\/a>: &#8222;<em>W\u00fcrde Georg Wilhelm Friedrich Hegel, so er denn noch am Leben w\u00e4re, den Tiefbahnhof bef\u00fcrworten? W\u00fcrde der Philosoph das Projekt Stuttgart <span class=\"nowrap\">21<\/span> unterst\u00fctzen, auch wenn es ein paar Milliarden Euro mehr als geplant kostet? Oder w\u00fcrde der gr\u00f6\u00dfte Sohn der Stadt Stuttgart dort oben auf dem Podium stehen an diesem saukalten Montagabend und einen sofortigen Baustopp fordern? Das w\u00fcsste man gern, durchgefroren bis ins Mark. Aber Hegel ist schon lange tot, und seine einzige Botschaft bei dieser <span class=\"nowrap\">400<\/span>. Montagsdemo gegen Stuttgart <span class=\"nowrap\">21<\/span> ist ein merkw\u00fcrdiger Halbsatz: &#8222;&#8230; da\u00df diese Furcht zu irren schon der Irrtum selbst\u00a0ist.&#8220;<\/em><\/p>\n<p><strong>StZN:<\/strong> <a title=\"\" href=\"https:\/\/www.stuttgarter-zeitung.de\/inhalt.demo-gegen-stuttgart-21-gegner-werben-fuer-alternative.e4d712b2-0f06-4efb-8f43-07f494a5e757.html\" target=\"_blank\" rel=\"noopener noreferrer\">Gegner werben f\u00fcr Alternative<\/a>:&#8220;<em> Teurer und deutlich sp\u00e4ter fertig als geplant soll das Bahnprojekt Stuttgart 21 werden &#8211; das ruft die Gegner auf den Plan. Knapp zwei Wochen vor einer Sondersitzung des Bahnaufsichtsrats machen sie nochmals mobil &#8211; und werben f\u00fcr eine Alternative.&#8220;<\/em><\/p>\n<p><strong>StZN: <\/strong><a title=\"\" href=\"https:\/\/www.stuttgarter-zeitung.de\/inhalt.s-21-in-stuttgart-die-hoffnung-auf-den-ausstieg-lebt.fbe593ab-cde6-4792-a10f-e49694ee45c3.html\" target=\"_blank\" rel=\"noopener noreferrer\">Die Hoffnung auf den Ausstieg lebt: <\/a>&#8222;<em>Am Montagabend kamen mehr als 1000 Menschen zur 400. Demonstration gegen das Bahnprojekt S\u200a21. Die meisten von ihnen waren Gegner der ersten Stunde.&#8220;<\/em><\/p>\n<p><strong>Videos<\/strong> auf <strong><a title=\"\" href=\"http:\/\/www.fluegel.tv\/\" target=\"_blank\" rel=\"noopener noreferrer\">Fl\u00fcgel-TV<\/a> <\/strong>und<strong> <a title=\"\" href=\"https:\/\/www.swr.de\/swraktuell\/bw\/viele-demonstrieren-bei-400-montagsdemo-gegen-s21\/-\/id=1622\/did=20980752\/nid=1622\/z22j0i\/index.html\" target=\"_blank\" rel=\"noopener noreferrer\">Youtube<\/a><\/strong><\/p>\n","protected":false},"excerpt":{"rendered":"<p>SWR: &#8222;Keine reine Kultveranstaltung&#8220; (Harald Kirchner) \/Das sind die wichtigsten Fragen und Antworten: &#8222;[&#8230;] Sind die Montagsdemonstranten eine Truppe verbitterter ewig Gestriger?: Die Montagsdemos f\u00fchren allw\u00f6chentlich vor Augen, dass im Prospekt von Stuttgart 21 etwas anderes gestanden hat als das, &hellip; <a href=\"https:\/\/netzwerke-21.de\/?p=27312\">Weiterlesen <span class=\"meta-nav\">&rarr;<\/span><\/a><\/p>\n","protected":false},"author":6,"featured_media":0,"comment_status":"closed","ping_status":"closed","sticky":false,"template":"","format":"standard","meta":{"footnotes":""},"categories":[1,55,59,63],"tags":[],"class_list":["post-27312","post","type-post","status-publish","format-standard","hentry","category-allgemein","category-anhydrit","category-kosten","category-leistungsfaehigkeit"],"_links":{"self":[{"href":"https:\/\/netzwerke-21.de\/index.php?rest_route=\/wp\/v2\/posts\/27312","targetHints":{"allow":["GET"]}}],"collection":[{"href":"https:\/\/netzwerke-21.de\/index.php?rest_route=\/wp\/v2\/posts"}],"about":[{"href":"https:\/\/netzwerke-21.de\/index.php?rest_route=\/wp\/v2\/types\/post"}],"author":[{"embeddable":true,"href":"https:\/\/netzwerke-21.de\/index.php?rest_route=\/wp\/v2\/users\/6"}],"replies":[{"embeddable":true,"href":"https:\/\/netzwerke-21.de\/index.php?rest_route=%2Fwp%2Fv2%2Fcomments&post=27312"}],"version-history":[{"count":10,"href":"https:\/\/netzwerke-21.de\/index.php?rest_route=\/wp\/v2\/posts\/27312\/revisions"}],"predecessor-version":[{"id":27325,"href":"https:\/\/netzwerke-21.de\/index.php?rest_route=\/wp\/v2\/posts\/27312\/revisions\/27325"}],"wp:attachment":[{"href":"https:\/\/netzwerke-21.de\/index.php?rest_route=%2Fwp%2Fv2%2Fmedia&parent=27312"}],"wp:term":[{"taxonomy":"category","embeddable":true,"href":"https:\/\/netzwerke-21.de\/index.php?rest_route=%2Fwp%2Fv2%2Fcategories&post=27312"},{"taxonomy":"post_tag","embeddable":true,"href":"https:\/\/netzwerke-21.de\/index.php?rest_route=%2Fwp%2Fv2%2Ftags&post=27312"}],"curies":[{"name":"wp","href":"https:\/\/api.w.org\/{rel}","templated":true}]}}