{"id":27056,"date":"2018-01-04T22:00:22","date_gmt":"2018-01-04T20:00:22","guid":{"rendered":"http:\/\/netzwerke-21.de\/?p=27056"},"modified":"2018-01-06T20:27:43","modified_gmt":"2018-01-06T18:27:43","slug":"stzn-s%e2%80%8921-tage-der-offenen-baustelle-in-tunnelroehre-soll-es-opernszenen-geben","status":"publish","type":"post","link":"https:\/\/netzwerke-21.de\/?p=27056","title":{"rendered":"Berichte \u00fcber die &#8222;Tage der offenen Baustelle&#8220; im Januar 2018"},"content":{"rendered":"<p><em>Update 6.1.2018:<\/em><\/p>\n<p><strong>StZN:<\/strong> <a title=\"\" href=\"https:\/\/www.stuttgarter-nachrichten.de\/inhalt.s-21-tage-der-offenen-baustelle-im-tunnelbau-soll-es-kuenftig-opernszenen-geben.27b9b303-1735-4b97-963b-6c4524885c02.html?utm_term=Autofeed&amp;utm_campaign=Echobox&amp;utm_medium=Social&amp;utm_source=Twitter#link_time=1515091172\" target=\"_blank\" rel=\"noopener noreferrer\">S\u200921: Tage der offenen Baustelle. In Tunnelr\u00f6hre soll es Opernszenen geben<\/a>: &#8222;<em>Der Verein f\u00fcr das Bahnprojekt Stuttgart-Ulm hat neue Pl\u00e4ne und veranstaltet Tage der offenen Baustelle. Zudem denkt man \u00fcber ganz besondere Veranstaltungen nach.&#8220;<\/em><\/p>\n<p><strong>StZN: <\/strong><a title=\"\" href=\"https:\/\/www.stuttgarter-zeitung.de\/inhalt.s-21-tage-der-offenen-baustelle-im-tunnelbau-soll-es-kuenftig-opernszenen-geben.6afc92a2-797b-4c86-887f-e2455fbd8489.html\" target=\"_blank\" rel=\"noopener noreferrer\">Das erwartet die Besucher bei den \u201eTagen der offenen Baustelle\u201c<\/a>: &#8222;<em>Inzwischen ist sicher, dass die Ausstellung nach 20,5 Jahren im Turmforum ins nahegelegene LBBW-Geb\u00e4ude wechselt. Mit rund 215 Quadratmetern wird man dort zwar nur ein F\u00fcnftel der Fl\u00e4che zur Verf\u00fcgung haben, dennoch zeigte sich Vereinschef Georg Brunnhuber am Donnerstag befriedigt, weil diese Anmietung gelungen ist. In der ehemaligen Bankschalterhalle k\u00f6nne man mehr in die H\u00f6he gehen als bisher. Da man wieder modernste Technik einsetzen wolle, erreiche der neue Standort wahrscheinlich fast die Qualit\u00e4t des bisherigen. Man sei dort nah an der Baustelle, und die Bahn verlagere das ganze Bahnhofsmanagement mit Ticketschaltern auch dorthin. &#8222;<\/em><\/p>\n<p><strong>SWR:<\/strong> <a title=\"\" href=\"https:\/\/www.swr.de\/swraktuell\/bw\/stuttgart\/schnuppern-auf-der-baustelle\/-\/id=1592\/did=20910018\/nid=1592\/pu8avl\/index.html\" target=\"_blank\" rel=\"noopener noreferrer\"><span class=\"headline small\">Blick hinter die Kulissen (Video)<\/span><\/a>: &#8222;<em>Was geht da vor sich? Wie weit sind sie? Am Wochenende l\u00e4dt die Bahn zur Besichtigung der S21-Bauarbeiten nach Stuttgart ein. Erwartet werden auch diesmal zehntausende Besucher.&#8220;<\/em><\/p>\n<p><strong>SWR:<\/strong> <a title=\"\" href=\"https:\/\/www.swr.de\/swraktuell\/bw\/stuttgart\/stuttgart-s21-gegner-bezeichnet-tage-der-offenen-baustelle-als-farce\/-\/id=1592\/did=20914654\/nid=1592\/1o04fhn\/index.html\" target=\"_blank\" rel=\"noopener noreferrer\"><span class=\"headline small\">S21-Gegner bezeichnet Tage der offenen Baustelle als &#8222;Farce&#8220;<\/span><\/a>: <em>&#8222;Der Stuttgart21-Gegner und Sprecher des Aktionsb\u00fcndnisses K21 Eisenhart von Loeper hat die Tage der offenen Baustelle in Stuttgart kritisiert. In SWR Aktuell bezeichnete er die Transparenz-Offensive des Bauherrn als &#8222;Farce&#8220;. &#8222;Die wirklichen Probleme &#8211; da hat die Transparenz immer gefehlt und sie fehlt bis heute.&#8220;<\/em><\/p>\n<p><strong>StZN: <\/strong><a title=\"\" href=\"https:\/\/www.stuttgarter-zeitung.de\/inhalt.tage-der-offenen-baustelle-hinter-den-kulissen-von-stuttgart-21.dfc40e7c-82dc-4d03-b74c-f625ce2fcc1b.html\" target=\"_blank\" rel=\"noopener noreferrer\">Hinter den Kulissen von Stuttgart 21<\/a>: &#8222;<em>An den Tagen rund um Heilige Drei K\u00f6nige hat der Verein Bahnprojekt Stuttgart-Ulm zum dritten Mal die Baustelle des Gro\u00dfprojekts f\u00fcr Interessierte ge\u00f6ffnet. Experten stehen Frage und Antwort. [&#8230;] Auch bei den Bauarbeiten gab es Zeitverz\u00f6gerungen. Michael Pradel, Abschnittsleiter PFA 1.1, begr\u00fcndete das unter anderem mit den Plan\u00e4nderungen in Sachen Brandschutz und den ge\u00e4nderten Fluchttreppenh\u00e4usern.&#8220;<\/em><\/p>\n","protected":false},"excerpt":{"rendered":"<p>Update 6.1.2018: StZN: S\u200921: Tage der offenen Baustelle. In Tunnelr\u00f6hre soll es Opernszenen geben: &#8222;Der Verein f\u00fcr das Bahnprojekt Stuttgart-Ulm hat neue Pl\u00e4ne und veranstaltet Tage der offenen Baustelle. Zudem denkt man \u00fcber ganz besondere Veranstaltungen nach.&#8220; StZN: Das erwartet &hellip; <a href=\"https:\/\/netzwerke-21.de\/?p=27056\">Weiterlesen <span class=\"meta-nav\">&rarr;<\/span><\/a><\/p>\n","protected":false},"author":6,"featured_media":0,"comment_status":"closed","ping_status":"closed","sticky":false,"template":"","format":"standard","meta":{"footnotes":""},"categories":[83,81,6,60,11,58,10],"tags":[],"class_list":["post-27056","post","type-post","status-publish","format-standard","hentry","category-anwohnerveranstaltung","category-bonatz-bau","category-grundwassermanagement","category-nesenbachdueker","category-ssb","category-tiefbahnhof","category-veranstaltungen"],"_links":{"self":[{"href":"https:\/\/netzwerke-21.de\/index.php?rest_route=\/wp\/v2\/posts\/27056","targetHints":{"allow":["GET"]}}],"collection":[{"href":"https:\/\/netzwerke-21.de\/index.php?rest_route=\/wp\/v2\/posts"}],"about":[{"href":"https:\/\/netzwerke-21.de\/index.php?rest_route=\/wp\/v2\/types\/post"}],"author":[{"embeddable":true,"href":"https:\/\/netzwerke-21.de\/index.php?rest_route=\/wp\/v2\/users\/6"}],"replies":[{"embeddable":true,"href":"https:\/\/netzwerke-21.de\/index.php?rest_route=%2Fwp%2Fv2%2Fcomments&post=27056"}],"version-history":[{"count":11,"href":"https:\/\/netzwerke-21.de\/index.php?rest_route=\/wp\/v2\/posts\/27056\/revisions"}],"predecessor-version":[{"id":27097,"href":"https:\/\/netzwerke-21.de\/index.php?rest_route=\/wp\/v2\/posts\/27056\/revisions\/27097"}],"wp:attachment":[{"href":"https:\/\/netzwerke-21.de\/index.php?rest_route=%2Fwp%2Fv2%2Fmedia&parent=27056"}],"wp:term":[{"taxonomy":"category","embeddable":true,"href":"https:\/\/netzwerke-21.de\/index.php?rest_route=%2Fwp%2Fv2%2Fcategories&post=27056"},{"taxonomy":"post_tag","embeddable":true,"href":"https:\/\/netzwerke-21.de\/index.php?rest_route=%2Fwp%2Fv2%2Ftags&post=27056"}],"curies":[{"name":"wp","href":"https:\/\/api.w.org\/{rel}","templated":true}]}}