{"id":26982,"date":"2017-12-29T20:54:38","date_gmt":"2017-12-29T18:54:38","guid":{"rendered":"http:\/\/netzwerke-21.de\/?p=26982"},"modified":"2018-01-12T01:32:38","modified_gmt":"2018-01-11T23:32:38","slug":"stzn-luftschadstoffe-in-stuttgart-grenzwerte-liegen-weit-entfernt","status":"publish","type":"post","link":"https:\/\/netzwerke-21.de\/?p=26982","title":{"rendered":"StZN:  Luftschadstoffe in Stuttgart. Grenzwerte liegen weit entfernt \/ Fahrverbot: Gericht setzt Frist bis 30. April"},"content":{"rendered":"<p><strong>StZN:<\/strong> <a title=\"\" href=\"https:\/\/www.stuttgarter-zeitung.de\/inhalt.luftschadstoffe-in-stuttgart-belastung-sinkt-doch-grenzwerte-liegen-weit-entfernt.39a34853-518a-4f37-b5a9-5a5c87099579.html\" target=\"_blank\" rel=\"noopener noreferrer\">Luftschadstoffe in Stuttgart. Grenzwerte liegen weit entfernt<\/a>: <em>&#8222;Im Januar wird es gleich zwei Demonstrationen auf der Bundesstra\u00dfe\u200a 14 beim Neckartor f\u00fcr saubere Luft geben. Auch Stuttgart wartet auf die Entscheidung des Bundesverwaltungsgerichts zu Fahrverboten.&#8220;<\/em><\/p>\n<p><strong>StZN:<\/strong> <a title=\"\" href=\"https:\/\/www.stuttgarter-zeitung.de\/inhalt.verwaltungsgericht-stuttgart-zur-luftreinhaltung-fahrverbot-gericht-setzt-frist-bis-30-april.588e287e-1f28-4a0f-b4ed-81ba38e3a039.html\" target=\"_blank\" rel=\"noopener noreferrer\">Fahrverbot: Gericht setzt Frist bis 30. April<\/a>: &#8222;<em>Das Verwaltungsgericht Stuttgart setzt dem Land eine letzte Frist, um die versprochene Verkehrsminderung auf der Cannstatter Stra\u00dfe umzusetzen. Sonst droht ein Zwangsgeld. [&#8230;] Betroffen w\u00e4ren vier Stra\u00dfen: die Cannstatter Stra\u00dfe am Neckartor, die Tal- und Wagenburgstra\u00dfe und die Landhausstra\u00dfe im Stuttgarter Osten. Sie w\u00e4ren dann f\u00fcr Dieselfahrzeuge bis einschlie\u00dflich Euro 5\/V gesperrt. Geregelt w\u00fcrde dies mit dem Schild Durchfahrt verboten plus dem Zusatzzeichen f\u00fcr die Diesel-Definition. Der Planentwurf wurde inzwischen komplett zur\u00fcckgezogen.&#8220;<\/em><\/p>\n<p><strong>StZN:<\/strong> <a title=\"\" href=\"https:\/\/www.stuttgarter-zeitung.de\/inhalt.verheerendes-signal-gesundheit-geht-vor.771095ec-062a-4beb-b60b-0f1f34032761.html\" target=\"_blank\" rel=\"noopener noreferrer\">Verheerendes Signal. &#8222;Gesundheit geht vor<\/a>&#8222;: &#8222;<em>Die Landesregierung liefert beim Gesundheitsschutz f\u00fcr die B\u00fcrger ein verheerendes Signal, meint Redakteur Konstantin Schwarz.&#8220; <\/em><\/p>\n<p><strong>Update 3.1.2018:<\/strong><\/p>\n<p>\u00dcber die Demonstration der S\u00d6S am Neujahrstag f\u00fcr eine Reduzierung des Verkehrs rund ums Neckartor wurde auch in der Tagesschau (<a title=\"ARD: Protestaktion in Stuttgart: Demonstration gegen Luftbelastung durch Autoabgase\" href=\"http:\/\/www.tagesschau.de\/multimedia\/video\/video-361593.html\" target=\"_blank\" rel=\"noopener noreferrer\">hier<\/a>) berichtet. Roland Kugler, der Anwalt der beiden klagenden Anwohner am Neckartor (Kernerviertel), erl\u00e4uterte in seiner Rede, die <a title=\"\" href=\"http:\/\/www.fluegel.tv\/beitrag\/13190\" target=\"_blank\" rel=\"noopener noreferrer\">fluegel.tv als Video eingestellt hat<\/a>, die aktuelle Situation:<\/p>\n<div class=\"video-wrapped video-wrapped-video video-wrapped-yt\" style=\"width: 640px; min-height: 360px; background-image: url('https:\/\/netzwerke-21.de\/wordpress\/wp-content\/plugins\/wp-video-embed-privacy\/preview\/yt\/wgVAYbI8gmc.jpg?s=5c7592b8ecd65f4230c553c336f620c5db9f8c25cf0450c96a84964d33cc22a7')\" data-embed-frame=\"&lt;iframe title=&quot;Feinstaub-Demo, Stuttgart, Neckartor, 01.01.2018: Roland Kugler, Klagevertreter der Anwohner_innen&quot; width=&quot;640&quot; height=&quot;360&quot; src=&quot;https:\/\/www.youtube-nocookie.com\/embed\/wgVAYbI8gmc?feature=oembed&quot; frameborder=&quot;0&quot; allow=&quot;accelerometer; autoplay; clipboard-write; encrypted-media; gyroscope; picture-in-picture; web-share&quot; referrerpolicy=&quot;strict-origin-when-cross-origin&quot; allowfullscreen&gt;&lt;\/iframe&gt;\" data-embed-play=\"&lt;span&gt;Video abspielen&lt;\/span&gt;&lt;div class=&quot;small&quot;&gt;&lt;span&gt;Das Video wird von Youtube eingebettet. Es gelten die &lt;a href=&quot;https:\/\/www.google.com\/intl\/de\/policies\/privacy\/&quot; target=&quot;_blank&quot;&gt;Datenschutzerkl\u00e4rungen von Google&lt;\/a&gt;.&lt;\/span&gt;&lt;\/div&gt;\">\n<div class=\"video-wrapped-nojs\"><span>Aktivieren Sie JavaScript um das Video zu sehen.<br \/>Video-Link: <a href=\"https:\/\/youtu.be\/wgVAYbI8gmc\">https:\/\/youtu.be\/wgVAYbI8gmc<\/a><\/span><\/div>\n<\/div>\n<p><strong>Update 12.1.2018: <\/strong><\/p>\n<p><strong>StZN:<\/strong> <a title=\"\" href=\"https:\/\/www.stuttgarter-zeitung.de\/inhalt.stuttgarter-neckartor-protest-gegen-untaetigkeit-der-regierung.d7e73232-a8b9-49f4-99b0-7c5b28a81a69.html\" target=\"_blank\" rel=\"noopener noreferrer\">Protest gegen \u201eUnt\u00e4tigkeit der Regierung\u201c<\/a>: &#8222;<em>Etwa tausend Demonstranten haben am Donnerstagabend in einem Demonstrationszug den Verkehr am Neckartor f\u00fcr fast drei Stunden teilweise lahmgelegt. Am zweiten Tag des aktuellen Feinstaubalarms wollten die Teilnehmer ihren \u00c4rger \u00fcber die \u201eUnt\u00e4tigkeit der Landesregierung\u201c im Kampf gegen vom Autoverkehr verursachte Luftschadstoffe ausdr\u00fccken und auf die anhaltende Gesundheitsgef\u00e4hrdung aufmerksam machen. Zur Demonstration aufgerufen hatte die B\u00fcrgerinitiative Neckartor, unterst\u00fctzt von der Deutschen Umwelthilfe (DUH) und zahlreichen Initiativen.&#8220;<\/em><\/p>\n","protected":false},"excerpt":{"rendered":"<p>StZN: Luftschadstoffe in Stuttgart. Grenzwerte liegen weit entfernt: &#8222;Im Januar wird es gleich zwei Demonstrationen auf der Bundesstra\u00dfe\u200a 14 beim Neckartor f\u00fcr saubere Luft geben. Auch Stuttgart wartet auf die Entscheidung des Bundesverwaltungsgerichts zu Fahrverboten.&#8220; StZN: Fahrverbot: Gericht setzt Frist &hellip; <a href=\"https:\/\/netzwerke-21.de\/?p=26982\">Weiterlesen <span class=\"meta-nav\">&rarr;<\/span><\/a><\/p>\n","protected":false},"author":6,"featured_media":0,"comment_status":"closed","ping_status":"closed","sticky":false,"template":"","format":"standard","meta":{"footnotes":""},"categories":[21,62,42,24],"tags":[],"class_list":["post-26982","post","type-post","status-publish","format-standard","hentry","category-kernerviertel","category-klageverfahren","category-luftschadstoffe-feinstaub","category-verkehr"],"_links":{"self":[{"href":"https:\/\/netzwerke-21.de\/index.php?rest_route=\/wp\/v2\/posts\/26982","targetHints":{"allow":["GET"]}}],"collection":[{"href":"https:\/\/netzwerke-21.de\/index.php?rest_route=\/wp\/v2\/posts"}],"about":[{"href":"https:\/\/netzwerke-21.de\/index.php?rest_route=\/wp\/v2\/types\/post"}],"author":[{"embeddable":true,"href":"https:\/\/netzwerke-21.de\/index.php?rest_route=\/wp\/v2\/users\/6"}],"replies":[{"embeddable":true,"href":"https:\/\/netzwerke-21.de\/index.php?rest_route=%2Fwp%2Fv2%2Fcomments&post=26982"}],"version-history":[{"count":11,"href":"https:\/\/netzwerke-21.de\/index.php?rest_route=\/wp\/v2\/posts\/26982\/revisions"}],"predecessor-version":[{"id":27301,"href":"https:\/\/netzwerke-21.de\/index.php?rest_route=\/wp\/v2\/posts\/26982\/revisions\/27301"}],"wp:attachment":[{"href":"https:\/\/netzwerke-21.de\/index.php?rest_route=%2Fwp%2Fv2%2Fmedia&parent=26982"}],"wp:term":[{"taxonomy":"category","embeddable":true,"href":"https:\/\/netzwerke-21.de\/index.php?rest_route=%2Fwp%2Fv2%2Fcategories&post=26982"},{"taxonomy":"post_tag","embeddable":true,"href":"https:\/\/netzwerke-21.de\/index.php?rest_route=%2Fwp%2Fv2%2Ftags&post=26982"}],"curies":[{"name":"wp","href":"https:\/\/api.w.org\/{rel}","templated":true}]}}