{"id":2677,"date":"2014-05-16T23:34:35","date_gmt":"2014-05-16T21:34:35","guid":{"rendered":"http:\/\/netzwerke-21.de\/?p=2677"},"modified":"2017-12-08T00:30:58","modified_gmt":"2017-12-07T22:30:58","slug":"informationsveranstaltung-der-ssb-zum-umbau-der-haltestelle-staatsgalerie-am-4-juni-2014","status":"publish","type":"post","link":"https:\/\/netzwerke-21.de\/?p=2677","title":{"rendered":"Informationsveranstaltung zum Umbau der Haltestelle Staatsgalerie am 4.Juni 2014"},"content":{"rendered":"<p>Wir hatten bereits mehrfach \u00fcber die geplanten jahrelangen Linienumleitungen und &#8211; unterbrechungen wegen der Verlegung der Haltestelle Staatsgalerie und die daraufhin gestartete Kampagne &#8222;Rettet unsere Stadtbahn&#8220; berichtet (<a href=\"http:\/\/netzwerke-21.de\/?cat=11\" target=\"_blank\" rel=\"noopener noreferrer\">hier<\/a>).<\/p>\n<p>Jetzt soll es zu den eigentlichen Bauma\u00dfnahmen, die f\u00fcr die Anwohner mit zahlreichen zus\u00e4tzlichen Beeintr\u00e4chtigungen (L\u00e4rm, e\u00edngeschr\u00e4nkte Laufwege, \u00c4nderungen der Fahrspuren B 14 etc.) verbunden sein wird,\u00a0 eine gemeinsame Informationsveranstaltung der SSB, des Tiefbauamtes und der Bahn geben und zwar am<strong> 4. Juni um 18.30 im gro\u00dfen Saal des Rathauses<\/strong>. Das Kommunikationsb\u00fcro will demn\u00e4chst noch Flyer (<a href=\"http:\/\/netzwerke-21.de\/wordpress\/wp-content\/uploads\/140509_Einladung_zur_Veranstaltung_V3.pdf\" target=\"_blank\" rel=\"noopener noreferrer\">hier<\/a>) dazu im Kernerviertel verteilen.<\/p>\n","protected":false},"excerpt":{"rendered":"<p>Wir hatten bereits mehrfach \u00fcber die geplanten jahrelangen Linienumleitungen und &#8211; unterbrechungen wegen der Verlegung der Haltestelle Staatsgalerie und die daraufhin gestartete Kampagne &#8222;Rettet unsere Stadtbahn&#8220; berichtet (hier). Jetzt soll es zu den eigentlichen Bauma\u00dfnahmen, die f\u00fcr die Anwohner mit &hellip; <a href=\"https:\/\/netzwerke-21.de\/?p=2677\">Weiterlesen <span class=\"meta-nav\">&rarr;<\/span><\/a><\/p>\n","protected":false},"author":6,"featured_media":0,"comment_status":"closed","ping_status":"closed","sticky":false,"template":"","format":"standard","meta":{"footnotes":""},"categories":[83,8,28,21,11,26,10],"tags":[],"class_list":["post-2677","post","type-post","status-publish","format-standard","hentry","category-anwohnerveranstaltung","category-bauarbeiten","category-bauinfo-kommunikationsbuero","category-kernerviertel","category-ssb","category-stadt-stuttgart","category-veranstaltungen"],"_links":{"self":[{"href":"https:\/\/netzwerke-21.de\/index.php?rest_route=\/wp\/v2\/posts\/2677","targetHints":{"allow":["GET"]}}],"collection":[{"href":"https:\/\/netzwerke-21.de\/index.php?rest_route=\/wp\/v2\/posts"}],"about":[{"href":"https:\/\/netzwerke-21.de\/index.php?rest_route=\/wp\/v2\/types\/post"}],"author":[{"embeddable":true,"href":"https:\/\/netzwerke-21.de\/index.php?rest_route=\/wp\/v2\/users\/6"}],"replies":[{"embeddable":true,"href":"https:\/\/netzwerke-21.de\/index.php?rest_route=%2Fwp%2Fv2%2Fcomments&post=2677"}],"version-history":[{"count":14,"href":"https:\/\/netzwerke-21.de\/index.php?rest_route=\/wp\/v2\/posts\/2677\/revisions"}],"predecessor-version":[{"id":26578,"href":"https:\/\/netzwerke-21.de\/index.php?rest_route=\/wp\/v2\/posts\/2677\/revisions\/26578"}],"wp:attachment":[{"href":"https:\/\/netzwerke-21.de\/index.php?rest_route=%2Fwp%2Fv2%2Fmedia&parent=2677"}],"wp:term":[{"taxonomy":"category","embeddable":true,"href":"https:\/\/netzwerke-21.de\/index.php?rest_route=%2Fwp%2Fv2%2Fcategories&post=2677"},{"taxonomy":"post_tag","embeddable":true,"href":"https:\/\/netzwerke-21.de\/index.php?rest_route=%2Fwp%2Fv2%2Ftags&post=2677"}],"curies":[{"name":"wp","href":"https:\/\/api.w.org\/{rel}","templated":true}]}}