{"id":26622,"date":"2017-12-09T21:16:01","date_gmt":"2017-12-09T19:16:01","guid":{"rendered":"http:\/\/netzwerke-21.de\/?p=26622"},"modified":"2017-12-11T00:39:44","modified_gmt":"2017-12-10T22:39:44","slug":"netz-2018-warum-kann-die-ssb-nicht-sagen-wann-die-bauarbeiten-und-umleitungen-beendet-sein-werden","status":"publish","type":"post","link":"https:\/\/netzwerke-21.de\/?p=26622","title":{"rendered":"Netz 2018: Weshalb kann die SSB nicht sagen, wann die Bauarbeiten und Umleitungen beendet sein werden?"},"content":{"rendered":"<p>Ab morgen tritt der neue SSB-Fahrplan &#8222;Netz 2018&#8220; in Kraft. Nach achtzehn Monaten Unterbrechung im &#8222;Netz 2016&#8220; fahren wieder die U-Bahnen von der Haltestelle Staatsgalerie Richtung Charlottenplatz. Daf\u00fcr wird auf unbestimmte Zeit die Stammstrecke Richtung Hauptbahnhof gekappt und die Linienf\u00fchrung vieler U-Bahnen ver\u00e4ndert. Mehr zum &#8222;Netz 2018&#8220; finden Sie in der <a title=\"StZN: https:\/\/www.stuttgarter-zeitung.de\/inhalt.stadtbahn-in-stuttgart-das-sind-die-aenderungen-im-neuen-fahrplan.e6816f38-098d-4a19-88cf-48e4b3fe3ded.html\" href=\"https:\/\/www.stuttgarter-zeitung.de\/inhalt.stadtbahn-in-stuttgart-das-sind-die-aenderungen-im-neuen-fahrplan.e6816f38-098d-4a19-88cf-48e4b3fe3ded.html\" target=\"_blank\" rel=\"noopener noreferrer\">aktuellen Meldung der StZN<\/a>, auf der <a title=\"Liniennetz noch bis Ende 2020 ver\u00e4ndert\" href=\"http:\/\/www.ssb-ag.de\/Netz-2018-1187-0.html\" target=\"_blank\" rel=\"noopener noreferrer\">Webseite der SSB<\/a> und <a title=\"Liniennetz noch bis Ende 2020 ver\u00e4ndert\" href=\"http:\/\/unsere-stadtbahn.de\/\" target=\"_blank\" rel=\"noopener noreferrer\">&#8222;Unsere Stadtbahn&#8220;.<\/a><\/p>\n<p>Grund daf\u00fcr sind die mit dem Bau des Nesenbachd\u00fckers und des Tiefbahnhofs eng verzahnten Bauarbeiten f\u00fcr die beiden neuen U-Bahntunnel Richtung Hauptbahnhof. Wegen der komplexen Abh\u00e4ngigkeit von den Stuttgart 21-Bauarbeiten will sich die SSB nicht auf eine konkrete Dauer festlegen lassen. Winfried Reichle, Infrastrukturleiter der SSB f\u00fcr Stuttgart 21, kommentierte 2015 auf einer<a title=\"Zur Infoveranstaltung f\u00fcr das Kernerviertel am 7.Oktober. Mehr Geb\u00e4ude sollen passiven Schallschutz erhalten. B\u00e4ume werden gef\u00e4llt. SSB Richtung Charlottenplatz l\u00e4nger unterbrochen.\" href=\"http:\/\/netzwerke-21.de\/?p=11982\" target=\"_blank\" rel=\"noopener noreferrer\"> Anwohnerveranstaltung <\/a>, den Bauablauf mit dem Nebensatz, \u201e<em>bis wir halt fertig sind\u201c<\/em>. Wolfgang Arnold, Technik-Vorstand der SSB sprach zuletzt Ende M\u00e4rz 2017 im Umwelt- und Technik-Ausschuss des Gemeinderats von einer baubedingten Unterbrechung bis mindestens Ende 2020 (<a title=\"Liniennetz noch bis Ende 2020 ver\u00e4ndert\" href=\"https:\/\/www.stuttgarter-zeitung.de\/inhalt.stuttgart-21-hat-folgen-fuer-stadtbahnen-liniennetz-noch-bis-ende-2020-veraendert.85a5d32a-5407-431e-b953-bd7aa243f1e7.html\" target=\"_blank\" rel=\"noopener noreferrer\">StZN<\/a>).<\/p>\n<p>Auch der Bau der neuen SSB-Haltestelle &#8222;Staatsgalerie&#8220; verz\u00f6gert sich, u.a. wegen dem Bauverzug der Bahn beim Trogbaublock 22 des Tiefbahnhofs, auf dem die neue Haltestelle gebaut werden soll. Zu Beginn der SSB-Bauarbeiten Anfang 2014 sollte die neue Haltestelle Staatsgalerie 2017 in Betrieb genommen werden (<a title=\"StZ: Bahn erzwingt neue Baupl\u00e4ne von SSB\" href=\"https:\/\/www.stuttgarter-zeitung.de\/inhalt.stadtbahn-haltestelle-staatsgalerie-bahn-erzwingt-neue-bauplaene-von-ssb.2f23792a-6e5a-490c-bf2c-cf8a577c0f68.html\" target=\"_blank\" rel=\"noopener noreferrer\">StZ <\/a>\/ <a title=\"Verlegung der SSB-Haltestelle Staatsgalerie \u2013 Bericht von der Sitzung des Bezirksbeirats Mitte\" href=\"http:\/\/netzwerke-21.de\/?p=1659\" target=\"_blank\" rel=\"noopener noreferrer\">Netzwerke-21<\/a>). Jetzt hei\u00dft es auf der <a title=\"StZ: OB Kuhn fordert Tempo von der Bahn \/ Tage der offenen Baustelle informierten nicht \u00fcber Zeitpl\u00e4ne und Gegensteuerungsma\u00dfnahmen\" href=\"http:\/\/www.ssb-ag.de\/Haltestelle-Staatsgalerie-1190-0.html\" target=\"_blank\" rel=\"noopener noreferrer\">Webseite der SSB:<\/a> &#8222;<em>Sie wird die alte Haltestelle im Laufe des Netzes 2018 abl\u00f6sen<\/em>.&#8220; Erst nach Inbetriebnahme der neuen Haltstelle &#8222;Staatsgalerie&#8220;, kann die Bahn mit den geplanten Bauarbeiten der Verl\u00e4ngerung des Gebhardt-M\u00fcller-Platzes und dem letzten Trogblock 23 f\u00fcr den Tiefbahnhof starten.<\/p>\n<p>Die Komplexit\u00e4t der miteinander verzahnten Bauarbeiten der Bahn und der SSB am S\u00fcdkopf, die gravierend in den Verkehr entlang der Schillerstra\u00dfe und der B 14 eingreifen, wurden an den Tagen der offenen Baustelle im Januar 2016 und 2017 in Schaubildern pr\u00e4sentiert. Im <a title=\"Zeitplan auf den \u201eTage der Baustellen\u201c weist Bauverz\u00f6gerungen f\u00fcr Stuttgart 21 und SSB aus. Inbetriebnahme von S 21 ist erst 2022\/23 realistisch\" href=\"http:\/\/netzwerke-21.de\/?p=13851\" target=\"_blank\" rel=\"noopener noreferrer\">Januar 2016 <\/a>noch mit Zeitangaben, die allerdings das (noch) offizielle Inbetriebnahmedatum zum Dezember 2021 deutlich \u00fcberschritten. <a title=\"StZ: OB Kuhn fordert Tempo von der Bahn \/ Tage der offenen Baustelle informierten nicht \u00fcber Zeitpl\u00e4ne und Gegensteuerungsma\u00dfnahmen\" href=\"http:\/\/netzwerke-21.de\/?p=21820\" target=\"_blank\" rel=\"noopener noreferrer\">Im\u00a0 Januar 2017\u00a0 wurden dann die Schautafeln <\/a>ohne Angabe eines einzigen Termins pr\u00e4sentiert; eine Megabaustelle ohne Zeitplan? \u00dcber Bauarbeiten am Nesenbachd\u00fcker und die Folgen f\u00fcr den Zeitplan zur Fertigstellung des Tiefbahnhofs hatte Kontext (<a title=\"Kontext: Tief unten\" href=\"http:\/\/www.kontextwochenzeitung.de\/politik\/314\/tief-unten-4288.html\" target=\"_blank\" rel=\"noopener noreferrer\">hier<\/a>) im April berichtet.<\/p>\n<p>Wir m\u00f6chten zur Verdeutlichung die Schaubilder zeigen, auch wenn sie wegen eingetretener Bauverz\u00f6gerungen (z.B. neue SSB-Haltestelle) nicht mehr ganz passen. Zur Orientierung: Man blickt von einem erh\u00f6hten Standpunkt \u00fcber der Schillerstra\u00dfe auf die B 14 und das Kernerviertel. Mit &#8222;LWS&#8220; ist die gr\u00fcne L\u00e4rmschutzwand an der S\u00e4ngerstra\u00dfe gemeint. Auf der linken Seite ist blassblau das Planetarium zu sehen. Unter dem Planetarium flie\u00dft der jetzige Nesenbachkanal, links daneben der sich im Bau befindliche Nesenbachd\u00fcker. Die drei dunkelbraunen Str\u00e4nge sind die bisherigen SSB-Tunnel. Olivgr\u00fcn sind die neue Haltestelle &#8222;Staatsgalerie&#8220; und die drei neuen SSB-Tunnel\u00e4ste eingezeichnet. Grau sind die Bauabschnitte (BA) des Tiefbahnhofs.<\/p>\n<p>Aus dem Bauablauf kann man erkennen, dass die beiden SSB-Tunnel Richtung Hauptbahnhof erst gebaut werden k\u00f6nnen, wenn der Nesenbachd\u00fcker in Betrieb geht. Der Bau des Trogblocks 21 des Tiefbahnhofs kann erst starten, wenn der alte Nesenbachkanal abgerissen ist. Die U-Bahnen k\u00f6nnen erst die neuen Tunnel Richtung Hauptbahnhof befahren, wenn beim viertletzten Bild beim &#8222;Gleis 34&#8220; der L\u00fcckenschluss hergestellt ist. (Ein alter SSB-Tunnel soll beibehalten werden.) Nach der Inbetriebnahme der neuen SSB-Haltstelle baut die Bahn weiter entlang der B 14. Hier die 3D-Schaubilder der DB Projekt-Stuttgart-Ulm GmbH, fotografiert von Wolfgang R\u00fcter an den Tagen der offenen Baustelle im Januar 2017:<\/p>\n<p><img loading=\"lazy\" decoding=\"async\" id=\"theMainImage\" class=\"\" title=\"086-DSC 1431 - 086-DSC_1431.JPG\" src=\"http:\/\/reporterderstrasse.de\/fotogalerie\/_data\/i\/upload\/2017\/01\/09\/20170109134916-60850aad-me.jpg\" alt=\"086-DSC_1431.JPG\" usemap=\"#mapmedium\" width=\"626\" height=\"396\" \/><\/p>\n<p><!--more--><\/p>\n<p><img loading=\"lazy\" decoding=\"async\" id=\"theMainImage\" class=\"\" title=\"087-DSC 1432 - 087-DSC_1432.JPG\" src=\"http:\/\/reporterderstrasse.de\/fotogalerie\/_data\/i\/upload\/2017\/01\/09\/20170109134917-99ba9b45-me.jpg\" alt=\"087-DSC_1432.JPG\" usemap=\"#mapmedium\" width=\"628\" height=\"381\" \/><\/p>\n<p><img loading=\"lazy\" decoding=\"async\" id=\"theMainImage\" class=\"\" title=\"088-DSC 1433 - 088-DSC_1433.JPG\" src=\"http:\/\/reporterderstrasse.de\/fotogalerie\/_data\/i\/upload\/2017\/01\/09\/20170109134918-c67b7359-me.jpg\" alt=\"088-DSC_1433.JPG\" usemap=\"#mapmedium\" width=\"622\" height=\"386\" \/><\/p>\n<p><img loading=\"lazy\" decoding=\"async\" id=\"theMainImage\" class=\"\" title=\"089-DSC 1434 - 089-DSC_1434.JPG\" src=\"http:\/\/reporterderstrasse.de\/fotogalerie\/_data\/i\/upload\/2017\/01\/09\/20170109134919-fc40a44b-me.jpg\" alt=\"089-DSC_1434.JPG\" usemap=\"#mapmedium\" width=\"618\" height=\"386\" \/><\/p>\n<p><img loading=\"lazy\" decoding=\"async\" id=\"theMainImage\" class=\"\" title=\"090-DSC 1435 - 090-DSC_1435.JPG\" src=\"http:\/\/reporterderstrasse.de\/fotogalerie\/_data\/i\/upload\/2017\/01\/09\/20170109134921-172f2808-me.jpg\" alt=\"090-DSC_1435.JPG\" usemap=\"#mapmedium\" width=\"621\" height=\"386\" \/><\/p>\n<p><img loading=\"lazy\" decoding=\"async\" id=\"theMainImage\" class=\"\" title=\"091-DSC 1436 - 091-DSC_1436.JPG\" src=\"http:\/\/reporterderstrasse.de\/fotogalerie\/_data\/i\/upload\/2017\/01\/09\/20170109134923-944daa13-me.jpg\" alt=\"091-DSC_1436.JPG\" usemap=\"#mapmedium\" width=\"617\" height=\"384\" \/><\/p>\n<p><img loading=\"lazy\" decoding=\"async\" id=\"theMainImage\" class=\"\" title=\"092-DSC 1437 - 092-DSC_1437.JPG\" src=\"http:\/\/reporterderstrasse.de\/fotogalerie\/_data\/i\/upload\/2017\/01\/09\/20170109134925-c9458304-me.jpg\" alt=\"092-DSC_1437.JPG\" usemap=\"#mapmedium\" width=\"621\" height=\"397\" \/><\/p>\n<p><img loading=\"lazy\" decoding=\"async\" id=\"theMainImage\" class=\"\" title=\"093-DSC 1438 - 093-DSC_1438.JPG\" src=\"http:\/\/reporterderstrasse.de\/fotogalerie\/_data\/i\/upload\/2017\/01\/09\/20170109134927-7d0e01fb-me.jpg\" alt=\"093-DSC_1438.JPG\" usemap=\"#mapmedium\" width=\"620\" height=\"398\" \/><\/p>\n<p><img loading=\"lazy\" decoding=\"async\" id=\"theMainImage\" class=\"\" title=\"094-DSC 1439 - 094-DSC_1439.JPG\" src=\"http:\/\/reporterderstrasse.de\/fotogalerie\/_data\/i\/upload\/2017\/01\/09\/20170109134928-17d553e1-me.jpg\" alt=\"094-DSC_1439.JPG\" usemap=\"#mapmedium\" width=\"621\" height=\"393\" \/><\/p>\n<p><img loading=\"lazy\" decoding=\"async\" id=\"theMainImage\" class=\"\" title=\"095-DSC 1440 - 095-DSC_1440.JPG\" src=\"http:\/\/reporterderstrasse.de\/fotogalerie\/_data\/i\/upload\/2017\/01\/09\/20170109134929-937d7226-me.jpg\" alt=\"095-DSC_1440.JPG\" usemap=\"#mapmedium\" width=\"622\" height=\"381\" \/><\/p>\n<p><img loading=\"lazy\" decoding=\"async\" id=\"theMainImage\" class=\"\" title=\"096-DSC 1441 - 096-DSC_1441.JPG\" src=\"http:\/\/reporterderstrasse.de\/fotogalerie\/_data\/i\/upload\/2017\/01\/09\/20170109134931-eb1b95c5-me.jpg\" alt=\"096-DSC_1441.JPG\" usemap=\"#mapmedium\" width=\"627\" height=\"383\" \/><\/p>\n<p>&nbsp;<\/p>\n","protected":false},"excerpt":{"rendered":"<p>Ab morgen tritt der neue SSB-Fahrplan &#8222;Netz 2018&#8220; in Kraft. Nach achtzehn Monaten Unterbrechung im &#8222;Netz 2016&#8220; fahren wieder die U-Bahnen von der Haltestelle Staatsgalerie Richtung Charlottenplatz. Daf\u00fcr wird auf unbestimmte Zeit die Stammstrecke Richtung Hauptbahnhof gekappt und die Linienf\u00fchrung &hellip; <a href=\"https:\/\/netzwerke-21.de\/?p=26622\">Weiterlesen <span class=\"meta-nav\">&rarr;<\/span><\/a><\/p>\n","protected":false},"author":6,"featured_media":0,"comment_status":"closed","ping_status":"closed","sticky":false,"template":"","format":"standard","meta":{"footnotes":""},"categories":[8,21,60,11,26,58,24,53],"tags":[],"class_list":["post-26622","post","type-post","status-publish","format-standard","hentry","category-bauarbeiten","category-kernerviertel","category-nesenbachdueker","category-ssb","category-stadt-stuttgart","category-tiefbahnhof","category-verkehr","category-zeitplan"],"_links":{"self":[{"href":"https:\/\/netzwerke-21.de\/index.php?rest_route=\/wp\/v2\/posts\/26622","targetHints":{"allow":["GET"]}}],"collection":[{"href":"https:\/\/netzwerke-21.de\/index.php?rest_route=\/wp\/v2\/posts"}],"about":[{"href":"https:\/\/netzwerke-21.de\/index.php?rest_route=\/wp\/v2\/types\/post"}],"author":[{"embeddable":true,"href":"https:\/\/netzwerke-21.de\/index.php?rest_route=\/wp\/v2\/users\/6"}],"replies":[{"embeddable":true,"href":"https:\/\/netzwerke-21.de\/index.php?rest_route=%2Fwp%2Fv2%2Fcomments&post=26622"}],"version-history":[{"count":39,"href":"https:\/\/netzwerke-21.de\/index.php?rest_route=\/wp\/v2\/posts\/26622\/revisions"}],"predecessor-version":[{"id":26667,"href":"https:\/\/netzwerke-21.de\/index.php?rest_route=\/wp\/v2\/posts\/26622\/revisions\/26667"}],"wp:attachment":[{"href":"https:\/\/netzwerke-21.de\/index.php?rest_route=%2Fwp%2Fv2%2Fmedia&parent=26622"}],"wp:term":[{"taxonomy":"category","embeddable":true,"href":"https:\/\/netzwerke-21.de\/index.php?rest_route=%2Fwp%2Fv2%2Fcategories&post=26622"},{"taxonomy":"post_tag","embeddable":true,"href":"https:\/\/netzwerke-21.de\/index.php?rest_route=%2Fwp%2Fv2%2Ftags&post=26622"}],"curies":[{"name":"wp","href":"https:\/\/api.w.org\/{rel}","templated":true}]}}