{"id":26219,"date":"2017-11-30T00:50:03","date_gmt":"2017-11-29T22:50:03","guid":{"rendered":"http:\/\/netzwerke-21.de\/?p=26219"},"modified":"2017-11-30T22:25:04","modified_gmt":"2017-11-30T20:25:04","slug":"fundierte-kostenkalulation-rueckblick-auf-die-schlichtungverhandlung-zu-den-prognostizierten-kosten-von-stuttgart-21","status":"publish","type":"post","link":"https:\/\/netzwerke-21.de\/?p=26219","title":{"rendered":"Fundierte Kostenkalulation? R\u00fcckblick auf die Schlichtungverhandlung im November 2010 zu Stuttgart 21"},"content":{"rendered":"<p>Angesichts der bekannt gewordenen, erneuten Kostenexplosion bei Stuttgart 21 auf 7,6 Milliarden Euro m\u00f6chten wir an das jeweilige Fazit der Projektbef\u00fcrworter und der Gegner zur Einhaltung des Kostenrahmens anl\u00e4sslich der <a title=\"\" href=\"http:\/\/www.schlichtung-s21.de\/dokumente.html\" target=\"_blank\" rel=\"noopener noreferrer\">Schlichtung vor sieben Jahren, am 26.11.2010 <\/a>erinnern.<\/p>\n<p>Hier die <a title=\"\" href=\"http:\/\/www.schlichtung-s21.de\/fileadmin\/schlichtungs21\/Redaktion\/pdf\/101126\/Kefer_Kosten_Stuttgart_21_2010-11-26.pdf\" target=\"_blank\" rel=\"noopener noreferrer\">Folie aus der Pr\u00e4sentation des damaligen Bahnvorstands Volker Kefer <\/a>, in der\u00a0 von einer fundierten Kostenkalkulation \u00fcber 4,526 Milliarden und einem darin enthaltenen Puffer von 438 Millionen die Rede ist:<\/p>\n<p><img loading=\"lazy\" decoding=\"async\" class=\"thumbnail\" src=\"http:\/\/netzwerke-21.de\/wordpress\/wp-content\/uploads\/2011-Folie-Kefer-Kosten.jpg\" alt=\"\" width=\"579\" height=\"393\" \/><\/p>\n<p>Und hier das Fazit der Projektgegner in der Schlichtung, <a title=\"\" href=\"http:\/\/www.schlichtung-s21.de\/fileadmin\/schlichtungs21\/Redaktion\/pdf\/101126\/Kretschmann_Einfuehrung_Kosten_S21_2010-11-26.pdf\" target=\"_blank\" rel=\"noopener noreferrer\">das der damalige Landtagsabgeordnete und Fraktionsvoritzende der Gr\u00fcnen, Winfried Kretschmann pr\u00e4sentierte: <\/a><img loading=\"lazy\" decoding=\"async\" class=\"attachment-900x900 \" src=\"http:\/\/netzwerke-21.de\/wordpress\/wp-content\/uploads\/201011-Folie-Kretschmann.jpg\" sizes=\"auto, (max-width: 791px) 100vw, 791px\" srcset=\"http:\/\/netzwerke-21.de\/wordpress\/wp-content\/uploads\/201011-Folie-Kretschmann.jpg 791w, http:\/\/netzwerke-21.de\/wordpress\/wp-content\/uploads\/201011-Folie-Kretschmann-300x210.jpg 300w, http:\/\/netzwerke-21.de\/wordpress\/wp-content\/uploads\/201011-Folie-Kretschmann-768x538.jpg 768w\" alt=\"\" width=\"619\" height=\"433\" \/><\/p>\n","protected":false},"excerpt":{"rendered":"<p>Angesichts der bekannt gewordenen, erneuten Kostenexplosion bei Stuttgart 21 auf 7,6 Milliarden Euro m\u00f6chten wir an das jeweilige Fazit der Projektbef\u00fcrworter und der Gegner zur Einhaltung des Kostenrahmens anl\u00e4sslich der Schlichtung vor sieben Jahren, am 26.11.2010 erinnern. Hier die Folie &hellip; <a href=\"https:\/\/netzwerke-21.de\/?p=26219\">Weiterlesen <span class=\"meta-nav\">&rarr;<\/span><\/a><\/p>\n","protected":false},"author":6,"featured_media":0,"comment_status":"closed","ping_status":"closed","sticky":false,"template":"","format":"standard","meta":{"footnotes":""},"categories":[59,39],"tags":[],"class_list":["post-26219","post","type-post","status-publish","format-standard","hentry","category-kosten","category-land-bw"],"_links":{"self":[{"href":"https:\/\/netzwerke-21.de\/index.php?rest_route=\/wp\/v2\/posts\/26219","targetHints":{"allow":["GET"]}}],"collection":[{"href":"https:\/\/netzwerke-21.de\/index.php?rest_route=\/wp\/v2\/posts"}],"about":[{"href":"https:\/\/netzwerke-21.de\/index.php?rest_route=\/wp\/v2\/types\/post"}],"author":[{"embeddable":true,"href":"https:\/\/netzwerke-21.de\/index.php?rest_route=\/wp\/v2\/users\/6"}],"replies":[{"embeddable":true,"href":"https:\/\/netzwerke-21.de\/index.php?rest_route=%2Fwp%2Fv2%2Fcomments&post=26219"}],"version-history":[{"count":16,"href":"https:\/\/netzwerke-21.de\/index.php?rest_route=\/wp\/v2\/posts\/26219\/revisions"}],"predecessor-version":[{"id":26257,"href":"https:\/\/netzwerke-21.de\/index.php?rest_route=\/wp\/v2\/posts\/26219\/revisions\/26257"}],"wp:attachment":[{"href":"https:\/\/netzwerke-21.de\/index.php?rest_route=%2Fwp%2Fv2%2Fmedia&parent=26219"}],"wp:term":[{"taxonomy":"category","embeddable":true,"href":"https:\/\/netzwerke-21.de\/index.php?rest_route=%2Fwp%2Fv2%2Fcategories&post=26219"},{"taxonomy":"post_tag","embeddable":true,"href":"https:\/\/netzwerke-21.de\/index.php?rest_route=%2Fwp%2Fv2%2Ftags&post=26219"}],"curies":[{"name":"wp","href":"https:\/\/api.w.org\/{rel}","templated":true}]}}