{"id":2618,"date":"2014-05-09T22:30:05","date_gmt":"2014-05-09T20:30:05","guid":{"rendered":"http:\/\/netzwerke-21.de\/?p=2618"},"modified":"2016-05-28T12:12:40","modified_gmt":"2016-05-28T10:12:40","slug":"grundstuecksfragen-im-lenkungskreis","status":"publish","type":"post","link":"https:\/\/netzwerke-21.de\/?p=2618","title":{"rendered":"Grundst\u00fccksfragen im Lenkungskreis"},"content":{"rendered":"<p>Nach einem Bericht der Stuttgarter Zeitung (<a title=\"StZ Auch in Ulm drohen neue Zeitrisiken\" href=\"http:\/\/www.stuttgarter-zeitung.de\/inhalt.stuttgart-21-auch-in-ulm-drohen-neue-zeitrisiken.05e8ea1f-6000-4b1e-bb42-56a2a8084a70.html\" target=\"_blank\">hier<\/a>) wurde auf dem heutigen Treffen des Lenkungskreises auch \u00fcber die von den <a href=\"http:\/\/netzwerke-21.de\/?p=2593\" target=\"_blank\">Netzwerken thematisierte Frage zur Beweislast im Schadensfall<\/a> und der Wertermittlung der Grundst\u00fccke gesprochen:<\/p>\n<p><em>&#8220; Kefer und Kuhn erkl\u00e4rten, dass es weitere Gespr\u00e4che dar\u00fcber geben werde, wie sich die Bahn gegen\u00fcber den von den Tunnelarbeiten betroffenen Grundst\u00fcckseigent\u00fcmern verh\u00e4lt. Dabei geht es um Entsch\u00e4digungsleistungen f\u00fcr die Unterfahrungsrechte, aber auch um Haftungsfragen, falls die Geb\u00e4ude besch\u00e4digt werden. \u201eWir wollen einen fairen Umgang und die Eigent\u00fcmer gleich behandeln\u201c, betonte Kefer. Kuhn appellierte an die Netzwerke, in denen sich die Eigent\u00fcmer zusammengeschlossen haben, die Gespr\u00e4che fortzusetzen, und an die Bahn, eine von allen bef\u00fcrwortete L\u00f6sung zu finden. \u201eWenn hier eine hohe Akzeptanz erzielt wird, ist viel gewonnen\u201c, sagte er. Das Stadtmessungsamt werde sich mit den umstrittenen Fragen nach der Bewertung der Grundst\u00fccke besch\u00e4ftigen.&#8220;<\/em><\/p>\n<p>Der vom Oberb\u00fcrgermeister Fritz Kuhn ausgesprochene Appell, die Gespr\u00e4che mit der Bahn fortzusetzen, wird sicherlich eines der Themen sein, das auf dem von ihm in Aussicht gestellten Gespr\u00e4chstermin mit Vertretern der Netzwerke besprochen werden soll. Ob weitere Verhandlungen mit der Bahn tats\u00e4chlich einen neuen Spielraum er\u00f6ffnen k\u00f6nnen, ist zumindest mit Blick auf das letzte Gespr\u00e4ch fraglich. Hier hatten die Vertreter der Bahn unmissverst\u00e4ndlich ge\u00e4u\u00dfert, dass ein weiteres Entgegenkommen in der Haftungsfrage auch nach den Vorgaben ihrer Versicherung nicht m\u00f6glich sei.<\/p>\n<p class=\"bodytext\">Wer sich dar\u00fcberhinaus \u00fcber die weiteren Gespr\u00e4chsinhalte (u.a. Terminplan, Stand der Planfeststellungs- und -\u00e4nderungsverfahren, Probleme beim Artenschutz, Stand Grundwassermanagement, L\u00e4rm) auf dem heutigen Lenkungskreis informieren m\u00f6chte, dem sei die Pr\u00e4sentation der Bahn (<a href=\"http:\/\/www.bahnprojekt-stuttgart-ulm.de\/no_cache\/mediathek\/detail\/media\/lenkungskreis-stuttgart-21-am-09052014\/mediaParameter\/show\/Medium\/\" target=\"_blank\">hier<\/a>) ausdr\u00fccklich empfohlen.<\/p>\n<p class=\"bodytext\"><span style=\"text-decoration: underline;\">Update:<\/span> Die ebenfalls sehr aufschlussreichen Videos zur Pressekonferenz des Lenkungskreises k\u00f6nnen Sie <a href=\"http:\/\/cams21.de\/pressekonferenz-lenkungskreis-stuttgart-21-09-05-2014\/\" target=\"_blank\">hier<\/a> aufrufen. Den Appell des Stuttgarter Oberb\u00fcrgermeisters Fritz Kuhn zu weiteren Verhandlungen zwischen den Netzwerken und der Bahn finden Sie im 5. <a href=\"http:\/\/www.youtube.com\/watch?v=TMLjOVfoWhE\" target=\"_blank\">Video ab Minute 3:39<\/a>. Seine Antwort auf die Frage, ob den Entsch\u00e4digungen der Bodenwert statt dem Richtwert zugrundegelegt werden sollte, ist im <a href=\"http:\/\/www.youtube.com\/watch?v=CKktG9kc8Bc#t=135r\" target=\"_blank\">Video ab Minute 2:00<\/a> zu sehen.<\/p>\n<p class=\"bodytext\">\n","protected":false},"excerpt":{"rendered":"<p>Nach einem Bericht der Stuttgarter Zeitung (hier) wurde auf dem heutigen Treffen des Lenkungskreises auch \u00fcber die von den Netzwerken thematisierte Frage zur Beweislast im Schadensfall und der Wertermittlung der Grundst\u00fccke gesprochen: &#8220; Kefer und Kuhn erkl\u00e4rten, dass es weitere &hellip; <a href=\"https:\/\/netzwerke-21.de\/?p=2618\">Weiterlesen <span class=\"meta-nav\">&rarr;<\/span><\/a><\/p>\n","protected":false},"author":6,"featured_media":0,"comment_status":"closed","ping_status":"closed","sticky":false,"template":"","format":"standard","meta":{"footnotes":""},"categories":[14,17,6,16,39,13,79,34,18,26,4],"tags":[],"class_list":["post-2618","post","type-post","status-publish","format-standard","hentry","category-entschaedigung","category-gestattungsvertraege","category-grundwassermanagement","category-haftung-im-schadensfall","category-land-bw","category-laerm","category-lenkungskreis","category-planfeststellung","category-schreiben-netzwerke","category-stadt-stuttgart","category-unterfahrung"],"_links":{"self":[{"href":"https:\/\/netzwerke-21.de\/index.php?rest_route=\/wp\/v2\/posts\/2618","targetHints":{"allow":["GET"]}}],"collection":[{"href":"https:\/\/netzwerke-21.de\/index.php?rest_route=\/wp\/v2\/posts"}],"about":[{"href":"https:\/\/netzwerke-21.de\/index.php?rest_route=\/wp\/v2\/types\/post"}],"author":[{"embeddable":true,"href":"https:\/\/netzwerke-21.de\/index.php?rest_route=\/wp\/v2\/users\/6"}],"replies":[{"embeddable":true,"href":"https:\/\/netzwerke-21.de\/index.php?rest_route=%2Fwp%2Fv2%2Fcomments&post=2618"}],"version-history":[{"count":15,"href":"https:\/\/netzwerke-21.de\/index.php?rest_route=\/wp\/v2\/posts\/2618\/revisions"}],"predecessor-version":[{"id":2724,"href":"https:\/\/netzwerke-21.de\/index.php?rest_route=\/wp\/v2\/posts\/2618\/revisions\/2724"}],"wp:attachment":[{"href":"https:\/\/netzwerke-21.de\/index.php?rest_route=%2Fwp%2Fv2%2Fmedia&parent=2618"}],"wp:term":[{"taxonomy":"category","embeddable":true,"href":"https:\/\/netzwerke-21.de\/index.php?rest_route=%2Fwp%2Fv2%2Fcategories&post=2618"},{"taxonomy":"post_tag","embeddable":true,"href":"https:\/\/netzwerke-21.de\/index.php?rest_route=%2Fwp%2Fv2%2Ftags&post=2618"}],"curies":[{"name":"wp","href":"https:\/\/api.w.org\/{rel}","templated":true}]}}