{"id":25889,"date":"2017-11-09T23:26:08","date_gmt":"2017-11-09T21:26:08","guid":{"rendered":"http:\/\/netzwerke-21.de\/?p=25889"},"modified":"2017-11-10T09:34:38","modified_gmt":"2017-11-10T07:34:38","slug":"stzn-s-21-arbeiten-bringen-s-bahn-aus-dem-takt-wieder-stoerungen-im-s-bahnnetz","status":"publish","type":"post","link":"https:\/\/netzwerke-21.de\/?p=25889","title":{"rendered":"StZN: S-21-Arbeiten bringen S-Bahn aus dem Takt \/ S-Bahn-Chaos in Stuttgart: Notbetrieb bei der S-Bahn"},"content":{"rendered":"<p><strong>StZN: <\/strong><a href=\"http:\/\/www.stuttgarter-nachrichten.de\/inhalt.weichenstoerung-im-hauptbahnhof-in-stuttgart-s-21-arbeiten-bringen-s-bahn-aus-dem-takt.311e287b-16b7-4782-9602-0952a418f986.html\">S-21-Arbeiten bringen S-Bahn aus dem Takt<\/a>: &#8222;<em>Am Montag war es eine Person im Gleis, am Dienstag eine defekte Weiche: die S-Bahn-Pendler brauchen momentan starke Nerven. Seit Oktober haben die Infrastrukturst\u00f6rungen stark zugenommen. Die Bahn ist ratlos.&#8220; <\/em><\/p>\n<p><strong>S-Bahn-Chaos in Stuttgart:<\/strong> <a href=\"https:\/\/s-bahn-chaos.de\/2017\/11\/notbetrieb-bei-der-s-bahn\/\">Notbetrieb bei der S-Bahn:<\/a> &#8222;<em>Nat\u00fcrlich ist es nie auszuschlie\u00dfen, dass unvorhersehbar Sch\u00e4den auftreten. Endlich wurde auch erkannt, dass das Alter und der Zustand der S-Bahnanlagen f\u00fcr viele St\u00f6rungen verantwortlich sind. Um den Zustand zu verbessern, hat man im vergangenen Jahr das w\u00f6chentliche sogenannte Wartungsfenster in der Nacht von Montag auf Dienstag eingef\u00fchrt, in dem ab 22:30 Uhr auf der Stammstrecke nur eingeschr\u00e4nkt gefahren wird. Auch diesen Preis muss man f\u00fcr Verbesserung bezahlen.<\/em><\/p>\n<p><em>Aber jetzt werden w\u00e4hrend der Woche auch noch in anderen N\u00e4chten, die nur ein sehr kurzes Zeitfenster f\u00fcr Arbeiten am Gleis bieten, durch Stuttgart 21 entstandene Arbeiten eingeschoben. Da wird an der wohl sensibelsten Stelle des Gleisvorfelds zum Hauptbahnhof an einer Weiche gearbeitet, wo maximal eine Stunde sp\u00e4ter wieder mit H\u00f6chstlast gefahren werden muss. Die Wiederinbetriebnahme der Weiche misslingt, der Notfall ist da und zwingt w\u00e4hrend der morgendlichen Spitzenverkehrszeit zum wiederholten Mal zur Halbierung des S-Bahnangebots. So kann und darf es beim besten Willen nicht weitergehen!&#8220;<\/em><\/p>\n<p><strong>StZN:<\/strong> <a href=\"http:\/\/www.stuttgarter-zeitung.de\/inhalt.region-stuttgart-wieder-stoerungen-im-s-bahnnetz.4b9116ff-1b7b-4ece-acb7-07bde2f718eb.html\">Wieder St\u00f6rungen im S-Bahnnetz<\/a>: &#8222;<em>Die Serie der technischen St\u00f6rungen im S-Bahnnetz der Region Stuttgart geht weiter. Am Donnerstag waren eine Weiche in Plochingen und ein Signal bei B\u00f6blingen defekt. Das betraf vor allem die Linie S 1. Doch das war nicht alles.&#8220;<\/em><\/p>\n<p><strong>SWR<\/strong>: <a href=\"https:\/\/www.swr.de\/swraktuell\/bw\/stuttgart\/serie-von-s-bahn-problemen\/-\/id=1592\/did=20598014\/nid=1592\/tvsf8g\/index.html\"><span class=\"headline small\">S-Bahn-Probleme am 4. Tag in Folge<\/span><\/a><span class=\"headline small\">:<\/span><em><span class=\"headline small\"> &#8222;Fast t\u00e4glich m\u00fcssen sich Pendler in der Region Stuttgart mit S-Bahn-Versp\u00e4tungen und Zugausf\u00e4llen herumschlagen. Nach Montag, Dienstag und Mittwoch, nun auch am Donnerstagmorgen.&#8220;<\/span><\/em><\/p>\n","protected":false},"excerpt":{"rendered":"<p>StZN: S-21-Arbeiten bringen S-Bahn aus dem Takt: &#8222;Am Montag war es eine Person im Gleis, am Dienstag eine defekte Weiche: die S-Bahn-Pendler brauchen momentan starke Nerven. Seit Oktober haben die Infrastrukturst\u00f6rungen stark zugenommen. Die Bahn ist ratlos.&#8220; S-Bahn-Chaos in Stuttgart: &hellip; <a href=\"https:\/\/netzwerke-21.de\/?p=25889\">Weiterlesen <span class=\"meta-nav\">&rarr;<\/span><\/a><\/p>\n","protected":false},"author":6,"featured_media":0,"comment_status":"closed","ping_status":"closed","sticky":false,"template":"","format":"standard","meta":{"footnotes":""},"categories":[1,8,80],"tags":[],"class_list":["post-25889","post","type-post","status-publish","format-standard","hentry","category-allgemein","category-bauarbeiten","category-s-bahn"],"_links":{"self":[{"href":"https:\/\/netzwerke-21.de\/index.php?rest_route=\/wp\/v2\/posts\/25889","targetHints":{"allow":["GET"]}}],"collection":[{"href":"https:\/\/netzwerke-21.de\/index.php?rest_route=\/wp\/v2\/posts"}],"about":[{"href":"https:\/\/netzwerke-21.de\/index.php?rest_route=\/wp\/v2\/types\/post"}],"author":[{"embeddable":true,"href":"https:\/\/netzwerke-21.de\/index.php?rest_route=\/wp\/v2\/users\/6"}],"replies":[{"embeddable":true,"href":"https:\/\/netzwerke-21.de\/index.php?rest_route=%2Fwp%2Fv2%2Fcomments&post=25889"}],"version-history":[{"count":7,"href":"https:\/\/netzwerke-21.de\/index.php?rest_route=\/wp\/v2\/posts\/25889\/revisions"}],"predecessor-version":[{"id":25914,"href":"https:\/\/netzwerke-21.de\/index.php?rest_route=\/wp\/v2\/posts\/25889\/revisions\/25914"}],"wp:attachment":[{"href":"https:\/\/netzwerke-21.de\/index.php?rest_route=%2Fwp%2Fv2%2Fmedia&parent=25889"}],"wp:term":[{"taxonomy":"category","embeddable":true,"href":"https:\/\/netzwerke-21.de\/index.php?rest_route=%2Fwp%2Fv2%2Fcategories&post=25889"},{"taxonomy":"post_tag","embeddable":true,"href":"https:\/\/netzwerke-21.de\/index.php?rest_route=%2Fwp%2Fv2%2Ftags&post=25889"}],"curies":[{"name":"wp","href":"https:\/\/api.w.org\/{rel}","templated":true}]}}