{"id":25427,"date":"2017-10-09T23:46:13","date_gmt":"2017-10-09T21:46:13","guid":{"rendered":"http:\/\/netzwerke-21.de\/?p=25427"},"modified":"2017-12-27T00:38:35","modified_gmt":"2017-12-26T22:38:35","slug":"dr-hans-joerg-jaeckel-und-hans-heydemann-ingenieure22-auf-der-388-montagsdemo","status":"publish","type":"post","link":"https:\/\/netzwerke-21.de\/?p=25427","title":{"rendered":"Reden von Dr. Hans-J\u00f6rg J\u00e4kel und Hans Heydemann, Ingenieure22, auf der 388. Montagsdemo"},"content":{"rendered":"<p><strong>Rede von Dr.-Ing. Hans-J\u00f6rg J\u00e4kel, Ingenieure22<\/strong>: <a href=\"https:\/\/www.schaeferweltweit.de\/file\/stuttgart21\/mode_archiv\/mode_0388_17-10-09_rede-von-hans-joerg-jaekel.pdf\">Die Bahn plant, baut und \u00e4ndert planlos, Medien und Politik bleiben wortlos:<\/a> &#8222;<em>F\u00fcr Stuttgart 21 ohne die Neubaustrecke gibt es acht Planfeststellungsabschnitte\u2013 f\u00fcr zwei davon gibt es noch keinen Plan und f\u00fcr f\u00fcnf gibt es insgesamt 75 Plan\u00e4nderungsverfahren (Stand II\/2017). Ob da noch jemand genau wei\u00df, was eigentlich gebaut werden soll? Bei so mancher Plan\u00e4nderung werden ganz erstaunliche M\u00e4ngel des Projektes offensichtlich\u2013 doch Medien und Politik lassen die so oft genannte kritisch-konstruktive Haltung immer wieder v\u00f6llig vermissen. Ich m\u00f6chte auf drei Probleme eingehen: Wolframstra\u00dfe, S-Bahn-Rampe und \u201eRastatt 2\u201c in Stuttgart.&#8220; <\/em><\/p>\n<p><strong>Rede von Dipl.-Ing. Hans Heydemann, Ingenieure22:<\/strong><a href=\"https:\/\/www.schaeferweltweit.de\/file\/stuttgart21\/mode_archiv\/mode_0388_17-10-09_rede-von-hans-heydemann.pdf\"> \u00dcberflutungsgefahr durch S21: &#8222;<\/a>V<em>or einer Woche \u2013am Tag der Deutschen Einheit\u2013 schockte die online-Ausgabe der Stuttgarter Zeitung mit der \u00dcberschrift <a title=\"StZ: \u201eS21-Baustelle bei Unwetter geflutet\u201c\" href=\"http:\/\/www.stuttgarter-zeitung.de\/inhalt.stuttgart-s21-baustelle-bei-unwetter-geflutet.0c48a9bd-d782-469a-81a8-c6bd37c0c36b.html\" target=\"_blank\" rel=\"noopener noreferrer\">\u201eS21-Baustelle bei Unwetter geflutet\u201c<\/a> und zeigte Bilder von der unter Wasser stehenden Baustelle und der Feuerwehr beim Abpumpen. Merkw\u00fcrdig nur, dass tags darauf die Druckausgabe der StZ diese \u00dcberflutung der S21-Baustelle mit keinem einzigen Wort mehr erw\u00e4hnte\u2013 hat da die Chefredaktion mal wieder einen Maulkorb verh\u00e4ngt? [&#8230;] Dabei war dieses Unwetter mit gerade mal 10 Liter Regen je m\u00b2 hier in Stuttgart eher bescheiden \u2013andernorts fiel ein Mehrfaches dieser Regenmenge und f\u00fchrte dort zu erheblichen \u00dcberschwemmungen. Dennoch war die S21-Baugrube hinter dem Nordausgang des Bahnhof s meterhoch unter Wasser, das wohl die Heilbronner Stra\u00dfe heruntergeschossen kam und in die Baugrube gestr\u00f6mt ist.&#8220;<\/em><\/p>\n","protected":false},"excerpt":{"rendered":"<p>Rede von Dr.-Ing. Hans-J\u00f6rg J\u00e4kel, Ingenieure22: Die Bahn plant, baut und \u00e4ndert planlos, Medien und Politik bleiben wortlos: &#8222;F\u00fcr Stuttgart 21 ohne die Neubaustrecke gibt es acht Planfeststellungsabschnitte\u2013 f\u00fcr zwei davon gibt es noch keinen Plan und f\u00fcr f\u00fcnf gibt &hellip; <a href=\"https:\/\/netzwerke-21.de\/?p=25427\">Weiterlesen <span class=\"meta-nav\">&rarr;<\/span><\/a><\/p>\n","protected":false},"author":6,"featured_media":0,"comment_status":"closed","ping_status":"closed","sticky":false,"template":"","format":"standard","meta":{"footnotes":""},"categories":[8,71,85,62,73,34,80,26,58,22,24],"tags":[],"class_list":["post-25427","post","type-post","status-publish","format-standard","hentry","category-bauarbeiten","category-baufortschritt","category-ingenieure22","category-klageverfahren","category-oekologie","category-planfeststellung","category-s-bahn","category-stadt-stuttgart","category-tiefbahnhof","category-untertuerkheim","category-verkehr"],"_links":{"self":[{"href":"https:\/\/netzwerke-21.de\/index.php?rest_route=\/wp\/v2\/posts\/25427","targetHints":{"allow":["GET"]}}],"collection":[{"href":"https:\/\/netzwerke-21.de\/index.php?rest_route=\/wp\/v2\/posts"}],"about":[{"href":"https:\/\/netzwerke-21.de\/index.php?rest_route=\/wp\/v2\/types\/post"}],"author":[{"embeddable":true,"href":"https:\/\/netzwerke-21.de\/index.php?rest_route=\/wp\/v2\/users\/6"}],"replies":[{"embeddable":true,"href":"https:\/\/netzwerke-21.de\/index.php?rest_route=%2Fwp%2Fv2%2Fcomments&post=25427"}],"version-history":[{"count":4,"href":"https:\/\/netzwerke-21.de\/index.php?rest_route=\/wp\/v2\/posts\/25427\/revisions"}],"predecessor-version":[{"id":25435,"href":"https:\/\/netzwerke-21.de\/index.php?rest_route=\/wp\/v2\/posts\/25427\/revisions\/25435"}],"wp:attachment":[{"href":"https:\/\/netzwerke-21.de\/index.php?rest_route=%2Fwp%2Fv2%2Fmedia&parent=25427"}],"wp:term":[{"taxonomy":"category","embeddable":true,"href":"https:\/\/netzwerke-21.de\/index.php?rest_route=%2Fwp%2Fv2%2Fcategories&post=25427"},{"taxonomy":"post_tag","embeddable":true,"href":"https:\/\/netzwerke-21.de\/index.php?rest_route=%2Fwp%2Fv2%2Ftags&post=25427"}],"curies":[{"name":"wp","href":"https:\/\/api.w.org\/{rel}","templated":true}]}}