{"id":25425,"date":"2017-10-09T23:33:05","date_gmt":"2017-10-09T21:33:05","guid":{"rendered":"http:\/\/netzwerke-21.de\/?p=25425"},"modified":"2017-10-09T23:33:05","modified_gmt":"2017-10-09T21:33:05","slug":"faz-rheintalstrecke-murks-an-der-murg","status":"publish","type":"post","link":"https:\/\/netzwerke-21.de\/?p=25425","title":{"rendered":"FAZ:  Rheintalstrecke: Murks an der Murg"},"content":{"rendered":"<p><strong>FAZ:<\/strong> <a href=\"http:\/\/www.faz.net\/aktuell\/feuilleton\/debatten\/stau-auf-der-rheintalstrecke-dauert-an-15234687.html\">Rheintalstrecke : Murks an der Murg<\/a>: &#8222;<em><span class=\"atc-TextFirstLetter\">N<\/span>ach wochenlanger Sperrung ist die Rheintalbahn bei Rastatt wieder befahrbar. Am 12. August war es unter den Gleisen zu einem Erdrutsch gekommen, weil dort ein Tunnel gebaut wurde. Ein Betonsegment der Tunnelwandung hatte sich offenbar verschoben. Das k\u00f6nnte leicht zu erkl\u00e4ren sein. Denn der Tunnel verl\u00e4uft durch lockere Ablagerungen aus Schotter im sogenannten Schwemmf\u00e4cher der Murg.&#8220;<\/em><\/p>\n","protected":false},"excerpt":{"rendered":"<p>FAZ: Rheintalstrecke : Murks an der Murg: &#8222;Nach wochenlanger Sperrung ist die Rheintalbahn bei Rastatt wieder befahrbar. Am 12. August war es unter den Gleisen zu einem Erdrutsch gekommen, weil dort ein Tunnel gebaut wurde. Ein Betonsegment der Tunnelwandung hatte &hellip; <a href=\"https:\/\/netzwerke-21.de\/?p=25425\">Weiterlesen <span class=\"meta-nav\">&rarr;<\/span><\/a><\/p>\n","protected":false},"author":6,"featured_media":0,"comment_status":"closed","ping_status":"closed","sticky":false,"template":"","format":"standard","meta":{"footnotes":""},"categories":[1,65],"tags":[],"class_list":["post-25425","post","type-post","status-publish","format-standard","hentry","category-allgemein","category-tunnelbauprojekte-ausserhalb-stuttgarts"],"_links":{"self":[{"href":"https:\/\/netzwerke-21.de\/index.php?rest_route=\/wp\/v2\/posts\/25425","targetHints":{"allow":["GET"]}}],"collection":[{"href":"https:\/\/netzwerke-21.de\/index.php?rest_route=\/wp\/v2\/posts"}],"about":[{"href":"https:\/\/netzwerke-21.de\/index.php?rest_route=\/wp\/v2\/types\/post"}],"author":[{"embeddable":true,"href":"https:\/\/netzwerke-21.de\/index.php?rest_route=\/wp\/v2\/users\/6"}],"replies":[{"embeddable":true,"href":"https:\/\/netzwerke-21.de\/index.php?rest_route=%2Fwp%2Fv2%2Fcomments&post=25425"}],"version-history":[{"count":1,"href":"https:\/\/netzwerke-21.de\/index.php?rest_route=\/wp\/v2\/posts\/25425\/revisions"}],"predecessor-version":[{"id":25426,"href":"https:\/\/netzwerke-21.de\/index.php?rest_route=\/wp\/v2\/posts\/25425\/revisions\/25426"}],"wp:attachment":[{"href":"https:\/\/netzwerke-21.de\/index.php?rest_route=%2Fwp%2Fv2%2Fmedia&parent=25425"}],"wp:term":[{"taxonomy":"category","embeddable":true,"href":"https:\/\/netzwerke-21.de\/index.php?rest_route=%2Fwp%2Fv2%2Fcategories&post=25425"},{"taxonomy":"post_tag","embeddable":true,"href":"https:\/\/netzwerke-21.de\/index.php?rest_route=%2Fwp%2Fv2%2Ftags&post=25425"}],"curies":[{"name":"wp","href":"https:\/\/api.w.org\/{rel}","templated":true}]}}