{"id":2535,"date":"2014-04-29T23:34:44","date_gmt":"2014-04-29T21:34:44","guid":{"rendered":"http:\/\/netzwerke-21.de\/?p=2535"},"modified":"2014-07-16T22:46:58","modified_gmt":"2014-07-16T20:46:58","slug":"der-feinstaub-am-neckartor-und-stuttgart-21","status":"publish","type":"post","link":"https:\/\/netzwerke-21.de\/?p=2535","title":{"rendered":"Der Feinstaub am Neckartor und Stuttgart 21"},"content":{"rendered":"<p>Die Stuttgarter Zeitung berichtet in ihrer heutigen Ausgabe (<a title=\"StZ Zu viel Feinstaub oft mehrere Tage in Folge\" href=\"http:\/\/www.stuttgarter-zeitung.de\/inhalt.verkehr-in-stuttgart-zu-viel-feinstaub-oft-mehrere-tage-in-folge.42e2b8f2-1661-45b8-bb17-48a94773d2a3.html\" target=\"_blank\">hier<\/a>) ausf\u00fchrlich \u00fcber die Feinstaubbelastung an der deutschlandweiten Hochburg Neckartor und die Aktionen der <a href=\"http:\/\/bineckartor.wordpress.com\/\" target=\"_blank\">B\u00fcrgerinitiative Neckartor<\/a> . Bereits im ersten Quartal 2014 waren wieder am Neckartor die von der EU vorgegebenen Feinstaubgrenzwerte f\u00fcr das gesamte Jahr \u00fcberschritten. 2013 lagen die Werte an 91 (!) Tagen \u00fcber dem Grenzwert von 50 Mikrogramm pro Kubikmeter. Maximal erlaubt sind nur 35 Tage. <a href=\"http:\/\/bineckartor.wordpress.com\/2014\/02\/28\/gemeinsame-presseerklarung-von-kus-vcd-und-bi-neckartor\/\" target=\"_blank\">Die B\u00fcrgerinitiative Neckartor hatte sich daher zusammen mit dem Vehrkehrsclub Deutschland und dem Klima- und Umwelt-b\u00fcndnis Stuttgart Ende Februar in einem Brief an den Oberb\u00fcrgermeister Fritz Kuhn gewand<\/a>t, L\u00f6sungsans\u00e4tze vorgeschlagen und den B\u00fcrgermeister im Interesse der Gesundheit seiner B\u00fcrger zum Handeln aufgefordert.<\/p>\n<p><a href=\"http:\/\/bineckartor.wordpress.com\/2014\/04\/15\/demo-der-bi-neckartor\/\" target=\"_blank\"><strong>Um diesen Forderungen Nachdruck zu verleihen, ruft die B\u00fcrgerinitiative Neckartor am Samstag, 10. Mai 2014 zu einer Demonstration auf der B 14 auf<\/strong>. <\/a>Treffpunkt ist um 15 Uhr auf dem Friedensplatz. Von dort ziehen die Demonstrierenden zur Kundgebung an die Messstation Neckartor und weiter auf der B 14 zur Abschluss-kundgebung ans Landesverkehrsministerium (\u00d6sterreichischen Platz). Reden werden Annemarie Raab von der Schutzgemeinschaft Krailenshalde, Manfred Niess vom Klima und Umweltb\u00fcndnis Stuttgart und Joseph Michl vom Landesnaturschutzverband \/ Bund f\u00fcr Umwelt und Naturschutz (BUND).<\/p>\n<p>Wie jedoch die Stadt Stuttgart die Gesundheitsbelastung ihrer B\u00fcrger in der Innenstadt und vorallem in den Wohngebieten Kernerviertel, Neckartor und dem Nordbahnhofviertel durch die massive zus\u00e4tzliche Belastung der LKW-Kolonnen f\u00fcr die jahrelangen Kanal- , Trog- und Tunnelbauarbeiten\u00a0 in den Griff bekommen will, ist nicht im Entferntesten gekl\u00e4rt. Nach Aussage eines Bahnvertreters auf der letzten <a href=\"http:\/\/netzwerke-21.de\/?p=2444\" target=\"_blank\">Anwohnerveranstaltung f\u00fcr die Anwohner des Kernerviertels<\/a> <a href=\"http:\/\/netzwerke-21.de\/wordpress\/wp-content\/uploads\/Netzwerk-Kernerviertel-Fragen-+-Antworten-zur-Anwohnerveranstaltung-2.April_1.pdf\" target=\"_blank\">werden an den Baustellen um den Hauptbahnhof herum au\u00dfer Sonn- und Feiertags t\u00e4glich durchschnittlich 500 LkW- Fahrten allein f\u00fcr den Erdaushub anfallen. Er r\u00e4umte auch ein, dass in Spitzenzeiten bis zu 2.000 Lkws unterwegs sein werden.<\/a> Wohlgemerkt diese Zahlen gelten nur f\u00fcr den Erdaushub. Alle Transporte f\u00fcr die Materialanlieferung, die \u00fcber das \u00f6ffentliche Stra\u00dfennetz laufen sollen, kommen noch dazu.<\/p>\n<p><a href=\"http:\/\/www.kontextwochenzeitung.de\/pulsschlag\/149\/feinstaub-ohne-ende-2009.html\" target=\"_blank\">Roland Kugler<\/a>, Anwalt der Anwohner am Neckartor, fordert daher nach einem StZ-Bericht vom 15.4.2014 (<a title=\"StZ Der schwierige Kampf gegen den Feinstaub\" href=\"http:\/\/www.stuttgarter-zeitung.de\/inhalt.stuttgarter-neckartor-der-schwierige-kampf-gegen-den-feinstaub.0df07c6e-1150-496c-86ef-497d9b3c75bc.html\" target=\"_blank\">hier<\/a>)&#8220;<em>eine Gesamtschau der Lage am Neckartor. Dazu geh\u00f6ren f\u00fcr ihn auch die S-21-Baustellen, die die Staubbelastung erh\u00f6hten. Die Stra\u00dfensperrungen am Bahnhof und das Einkaufszentrum <span class=\"art_thema\">Milaneo<\/span> f\u00fchrten zu mehr Verkehr am Neckartor. \u201eDas neutralisiert andere Ma\u00dfnahmen gegen den Feinstaub\u201c, sagt er.<\/em>&#8220;<\/p>\n<p>Doch nicht nur die Innenstadt, auch zahlreiche Stuttgarter Au\u00dfenbezirke werden durch den Bau der 60 km S21-Tunnelr\u00f6hren innerhalb des Stadtgebietes zus\u00e4tzlich massiv durch Lkw-Fahrten belastet. So beispielsweise Stuttgart-Wangen: <a title=\"StZ S\u200921 kommt in die Neckarvororte\" href=\"http:\/\/www.stuttgarter-zeitung.de\/inhalt.bauen-in-wangen-s-21-kommt-in-die-neckarvororte.0eb6c93e-fa5a-4d36-ad13-2e5886871d64.html\" target=\"_blank\">F\u00fcr den Stadtbezirk bedeutet das nach einem Bericht der StZ in der intensivsten Bauphase von Ende 2013 bis voraussichtlich 2016 bis zu 590 zus\u00e4tzliche Lastwagenfahrten pro Tag.<\/a><\/p>\n","protected":false},"excerpt":{"rendered":"<p>Die Stuttgarter Zeitung berichtet in ihrer heutigen Ausgabe (hier) ausf\u00fchrlich \u00fcber die Feinstaubbelastung an der deutschlandweiten Hochburg Neckartor und die Aktionen der B\u00fcrgerinitiative Neckartor . Bereits im ersten Quartal 2014 waren wieder am Neckartor die von der EU vorgegebenen Feinstaubgrenzwerte &hellip; <a href=\"https:\/\/netzwerke-21.de\/?p=2535\">Weiterlesen <span class=\"meta-nav\">&rarr;<\/span><\/a><\/p>\n","protected":false},"author":6,"featured_media":0,"comment_status":"closed","ping_status":"closed","sticky":false,"template":"","format":"standard","meta":{"footnotes":""},"categories":[8,41,21,42,43,34,26,10,24,30],"tags":[],"class_list":["post-2535","post","type-post","status-publish","format-standard","hentry","category-bauarbeiten","category-baulogistik","category-kernerviertel","category-luftschadstoffe-feinstaub","category-nordbahnhofviertel","category-planfeststellung","category-stadt-stuttgart","category-veranstaltungen","category-verkehr","category-wangen"],"_links":{"self":[{"href":"https:\/\/netzwerke-21.de\/index.php?rest_route=\/wp\/v2\/posts\/2535","targetHints":{"allow":["GET"]}}],"collection":[{"href":"https:\/\/netzwerke-21.de\/index.php?rest_route=\/wp\/v2\/posts"}],"about":[{"href":"https:\/\/netzwerke-21.de\/index.php?rest_route=\/wp\/v2\/types\/post"}],"author":[{"embeddable":true,"href":"https:\/\/netzwerke-21.de\/index.php?rest_route=\/wp\/v2\/users\/6"}],"replies":[{"embeddable":true,"href":"https:\/\/netzwerke-21.de\/index.php?rest_route=%2Fwp%2Fv2%2Fcomments&post=2535"}],"version-history":[{"count":23,"href":"https:\/\/netzwerke-21.de\/index.php?rest_route=\/wp\/v2\/posts\/2535\/revisions"}],"predecessor-version":[{"id":2558,"href":"https:\/\/netzwerke-21.de\/index.php?rest_route=\/wp\/v2\/posts\/2535\/revisions\/2558"}],"wp:attachment":[{"href":"https:\/\/netzwerke-21.de\/index.php?rest_route=%2Fwp%2Fv2%2Fmedia&parent=2535"}],"wp:term":[{"taxonomy":"category","embeddable":true,"href":"https:\/\/netzwerke-21.de\/index.php?rest_route=%2Fwp%2Fv2%2Fcategories&post=2535"},{"taxonomy":"post_tag","embeddable":true,"href":"https:\/\/netzwerke-21.de\/index.php?rest_route=%2Fwp%2Fv2%2Ftags&post=2535"}],"curies":[{"name":"wp","href":"https:\/\/api.w.org\/{rel}","templated":true}]}}