{"id":25234,"date":"2017-09-19T20:34:18","date_gmt":"2017-09-19T18:34:18","guid":{"rendered":"http:\/\/netzwerke-21.de\/?p=25234"},"modified":"2017-09-19T20:34:18","modified_gmt":"2017-09-19T18:34:18","slug":"stz-nach-langer-pause-wieder-arbeiten-im-gleisvorfeld","status":"publish","type":"post","link":"https:\/\/netzwerke-21.de\/?p=25234","title":{"rendered":"StZ: Nach langer Pause wieder Arbeiten im Gleisvorfeld"},"content":{"rendered":"<p><strong>StZ: <\/strong><a title=\"Nach langer Pause wieder Arbeiten im Gleisvorfeld\" href=\"http:\/\/www.stuttgarter-zeitung.de\/inhalt.stuttgart-21-nach-langer-pause-wieder-arbeiten-im-gleisvorfeld.deaf04bf-cce1-42b6-92ef-811f2795a3e3.html\" target=\"_blank\" rel=\"noopener noreferrer\">Nach langer Pause wieder Arbeiten im Gleisvorfeld<\/a>: &#8222;<em>Die Verl\u00e4ngerung des S-Bahntunnels bei Stuttgart 21 beginnt. Unklar ist, wann und wie oft die Strecke daf\u00fcr gesperrt wird. Erste Arbeiten in diesem Bereich hatten vor sieben Jahren erhebliche Einschr\u00e4nkungen des S-Bahnverkehrs verursacht.<\/em><strong>&#8222;<\/strong><\/p>\n","protected":false},"excerpt":{"rendered":"<p>StZ: Nach langer Pause wieder Arbeiten im Gleisvorfeld: &#8222;Die Verl\u00e4ngerung des S-Bahntunnels bei Stuttgart 21 beginnt. Unklar ist, wann und wie oft die Strecke daf\u00fcr gesperrt wird. Erste Arbeiten in diesem Bereich hatten vor sieben Jahren erhebliche Einschr\u00e4nkungen des S-Bahnverkehrs &hellip; <a href=\"https:\/\/netzwerke-21.de\/?p=25234\">Weiterlesen <span class=\"meta-nav\">&rarr;<\/span><\/a><\/p>\n","protected":false},"author":6,"featured_media":0,"comment_status":"closed","ping_status":"closed","sticky":false,"template":"","format":"standard","meta":{"footnotes":""},"categories":[8,63,80,38],"tags":[],"class_list":["post-25234","post","type-post","status-publish","format-standard","hentry","category-bauarbeiten","category-leistungsfaehigkeit","category-s-bahn","category-tunnelstrecken"],"_links":{"self":[{"href":"https:\/\/netzwerke-21.de\/index.php?rest_route=\/wp\/v2\/posts\/25234","targetHints":{"allow":["GET"]}}],"collection":[{"href":"https:\/\/netzwerke-21.de\/index.php?rest_route=\/wp\/v2\/posts"}],"about":[{"href":"https:\/\/netzwerke-21.de\/index.php?rest_route=\/wp\/v2\/types\/post"}],"author":[{"embeddable":true,"href":"https:\/\/netzwerke-21.de\/index.php?rest_route=\/wp\/v2\/users\/6"}],"replies":[{"embeddable":true,"href":"https:\/\/netzwerke-21.de\/index.php?rest_route=%2Fwp%2Fv2%2Fcomments&post=25234"}],"version-history":[{"count":1,"href":"https:\/\/netzwerke-21.de\/index.php?rest_route=\/wp\/v2\/posts\/25234\/revisions"}],"predecessor-version":[{"id":25235,"href":"https:\/\/netzwerke-21.de\/index.php?rest_route=\/wp\/v2\/posts\/25234\/revisions\/25235"}],"wp:attachment":[{"href":"https:\/\/netzwerke-21.de\/index.php?rest_route=%2Fwp%2Fv2%2Fmedia&parent=25234"}],"wp:term":[{"taxonomy":"category","embeddable":true,"href":"https:\/\/netzwerke-21.de\/index.php?rest_route=%2Fwp%2Fv2%2Fcategories&post=25234"},{"taxonomy":"post_tag","embeddable":true,"href":"https:\/\/netzwerke-21.de\/index.php?rest_route=%2Fwp%2Fv2%2Ftags&post=25234"}],"curies":[{"name":"wp","href":"https:\/\/api.w.org\/{rel}","templated":true}]}}