{"id":2504,"date":"2014-04-27T15:42:01","date_gmt":"2014-04-27T13:42:01","guid":{"rendered":"http:\/\/netzwerke-21.de\/?p=2504"},"modified":"2014-04-27T15:42:29","modified_gmt":"2014-04-27T13:42:29","slug":"stz-stadtbahnfahrgaesten-drohen-umwege","status":"publish","type":"post","link":"https:\/\/netzwerke-21.de\/?p=2504","title":{"rendered":"StZ: Stadtbahnfahrg\u00e4sten drohen Umwege"},"content":{"rendered":"<p><a href=\"http:\/\/netzwerke-21.de\/?p=2216\" target=\"_blank\">Die SSB-Kampagne &#8222;F\u00fcr unsere Stadtbahn!&#8220;<\/a>, in der auf die fast dreij\u00e4hrigen Linienein-schr\u00e4nkungen bzw. -umleitungen im Zuge des Baus von Stuttgart 21 hingewiesen wurde, zeigt eine erste Wirkung. Die SSB informierte jetzt im ersten Schritt die \u00d6ffentlichkeit \u00fcber die derzeitigen Entw\u00fcrfe der Alternativplanungen f\u00fcr die beiden Bauphasen ab 2016 bzw. 2017, \u00fcber die die Stuttgarter Zeitung in ihrer letzten Mittwochsausgabe ausf\u00fchrlich berichtete (<a title=\"StZ Stadtbahnfahrg\u00e4sten drohen Umwege\" href=\"http:\/\/www.stuttgarter-zeitung.de\/inhalt.stuttgart-21-stadtbahnfahrgaesten-drohen-umwege.db06b4f5-46a0-400a-b018-898244dea71e.html\" target=\"_blank\">Bericht<\/a>\/<a title=\"StZ Sp\u00e4t, aber nicht zu sp\u00e4t\" href=\"http:\/\/www.stuttgarter-zeitung.de\/inhalt.kommentar-zur-ssb-spaet-aber-nicht-zu-spaet.2c4968ce-1167-4a9e-9b8b-693dac133e49.html\" target=\"_blank\">Kommentar<\/a>).<\/p>\n","protected":false},"excerpt":{"rendered":"<p>Die SSB-Kampagne &#8222;F\u00fcr unsere Stadtbahn!&#8220;, in der auf die fast dreij\u00e4hrigen Linienein-schr\u00e4nkungen bzw. -umleitungen im Zuge des Baus von Stuttgart 21 hingewiesen wurde, zeigt eine erste Wirkung. Die SSB informierte jetzt im ersten Schritt die \u00d6ffentlichkeit \u00fcber die derzeitigen Entw\u00fcrfe &hellip; <a href=\"https:\/\/netzwerke-21.de\/?p=2504\">Weiterlesen <span class=\"meta-nav\">&rarr;<\/span><\/a><\/p>\n","protected":false},"author":6,"featured_media":0,"comment_status":"closed","ping_status":"closed","sticky":false,"template":"","format":"standard","meta":{"footnotes":""},"categories":[8,21,11,26],"tags":[],"class_list":["post-2504","post","type-post","status-publish","format-standard","hentry","category-bauarbeiten","category-kernerviertel","category-ssb","category-stadt-stuttgart"],"_links":{"self":[{"href":"https:\/\/netzwerke-21.de\/index.php?rest_route=\/wp\/v2\/posts\/2504","targetHints":{"allow":["GET"]}}],"collection":[{"href":"https:\/\/netzwerke-21.de\/index.php?rest_route=\/wp\/v2\/posts"}],"about":[{"href":"https:\/\/netzwerke-21.de\/index.php?rest_route=\/wp\/v2\/types\/post"}],"author":[{"embeddable":true,"href":"https:\/\/netzwerke-21.de\/index.php?rest_route=\/wp\/v2\/users\/6"}],"replies":[{"embeddable":true,"href":"https:\/\/netzwerke-21.de\/index.php?rest_route=%2Fwp%2Fv2%2Fcomments&post=2504"}],"version-history":[{"count":4,"href":"https:\/\/netzwerke-21.de\/index.php?rest_route=\/wp\/v2\/posts\/2504\/revisions"}],"predecessor-version":[{"id":2508,"href":"https:\/\/netzwerke-21.de\/index.php?rest_route=\/wp\/v2\/posts\/2504\/revisions\/2508"}],"wp:attachment":[{"href":"https:\/\/netzwerke-21.de\/index.php?rest_route=%2Fwp%2Fv2%2Fmedia&parent=2504"}],"wp:term":[{"taxonomy":"category","embeddable":true,"href":"https:\/\/netzwerke-21.de\/index.php?rest_route=%2Fwp%2Fv2%2Fcategories&post=2504"},{"taxonomy":"post_tag","embeddable":true,"href":"https:\/\/netzwerke-21.de\/index.php?rest_route=%2Fwp%2Fv2%2Ftags&post=2504"}],"curies":[{"name":"wp","href":"https:\/\/api.w.org\/{rel}","templated":true}]}}